{"id":133171,"date":"2025-09-23T05:12:13","date_gmt":"2025-09-23T05:12:13","guid":{"rendered":"https:\/\/www.europesays.com\/es\/133171\/"},"modified":"2025-09-23T05:12:13","modified_gmt":"2025-09-23T05:12:13","slug":"sara-salamo-entrega-a-isco-alarcon-una-carta-de-amor-en-forma-de-pelicula","status":"publish","type":"post","link":"https:\/\/www.europesays.com\/es\/133171\/","title":{"rendered":"Sara S\u00e1lamo entrega a Isco Alarc\u00f3n una carta de amor en forma de pel\u00edcula"},"content":{"rendered":"<p id=\"eaAlQ65YnR\" data-wc=\"61\">La actriz Sara S\u00e1lamo ha presentado esta tarde en <a class=\"hm-link ho-link\" href=\"https:\/\/www.hola.com\/belleza\/20250922857144\/festival-de-san-sebastian-2025-mejores-looks-maquillaje-peinados\/\" data-mrf-recirculation=\"article-body-link\" rel=\"nofollow noopener\" target=\"_blank\">el Festival de San Sebasti\u00e1n<\/a> el estreno mundial del documental En silencio, una carta de amor a su marido, el futbolista Isco Alarc\u00f3n. Incluida en la secci\u00f3n Made in Spain, la cinta narra el lento proceso de recuperaci\u00f3n de la lesi\u00f3n que impidi\u00f3 jugar la Eurocopa de 2024 al jugador del Betis.<\/p>\n<p> <img src=\"https:\/\/www.europesays.com\/es\/wp-content\/uploads\/2025\/09\/e298f603caaa-dlu591738005.jpg\"   width=\"1024\" height=\"682\" loading=\"lazy\" decoding=\"async\" alt=\"Media Image\" fetchpriority=\"auto\" class=\"image ho-image\"\/>\u00a9 GTRES<\/p>\n<p id=\"eGMf5jyIFK\" data-wc=\"64\">Isco ha cambiado hoy el c\u00e9sped por la alfombra roja y ha desfilado con su bota ortop\u00e9dica y apoyado en las muletas, de las que se ha separado s\u00f3lo para posar con su esposa frente a la prensa gr\u00e1fica. Aunque en verano ya estaba recuperado, en agosto volvi\u00f3 a sufrir una nueva lesi\u00f3n de peron\u00e9 que le mantiene alejado nuevamente del terreno de juego.<\/p>\n<p> <img src=\"https:\/\/www.europesays.com\/es\/wp-content\/uploads\/2025\/09\/337e81edec50-dlu591738016.jpg\"   width=\"682\" height=\"1024\" loading=\"lazy\" decoding=\"async\" alt=\"Media Image\" fetchpriority=\"auto\" class=\"image ho-image\"\/>\u00a9 GTRES<\/p>\n<p id=\"e-PXK6fBDI\" data-wc=\"82\">El documental, sin embargo, se centra en aquella primera lesi\u00f3n, y como ha subrayado su directora, no es una sucesi\u00f3n de bustos parlantes ni declaraciones de sus compa\u00f1eros y sus seres queridos. Tampoco est\u00e1 planteado de modo muy diferente a como suelen narrarse las gestas deportivas, por lo que la testosterona y la \u00e9pica son sustituidas por los momentos de silencio y las reflexiones de la directora, algunas de ellas lanzadas mediante voz en off o en di\u00e1logo directo con su marido.<\/p>\n<p> <img src=\"https:\/\/www.europesays.com\/es\/wp-content\/uploads\/2025\/09\/dfa0c32ba0db-dlu591738001.jpg\"   width=\"682\" height=\"1024\" loading=\"lazy\" decoding=\"async\" alt=\"Media Image\" fetchpriority=\"auto\" class=\"image ho-image\"\/>\u00a9 GTRES<\/p>\n<p id=\"e9hik6nIQg\" data-wc=\"84\">\u201c\u00bfLa recuperaci\u00f3n es s\u00f3lo cuesti\u00f3n de tiempo, de huesos que vuelven a soldar, o es otra cosa, algo que nadie ve, algo que sucede en los m\u00e1rgenes?\u201d, se pregunta <a class=\"hm-link ho-link\" href=\"https:\/\/www.hola.com\/actualidad\/20240605255070\/sara-salamo-e-isco-alarcon-se-han-casado\/\" data-mrf-recirculation=\"article-body-link\" rel=\"nofollow noopener\" target=\"_blank\">Sara S\u00e1lamo,<\/a> que en algunas secuencias aparece reflejada, c\u00e1mara en mano, en espejos o ventanas. Rodada en la intimidad del hogar, las consultas m\u00e9dicas y el gimnasio, la pel\u00edcula documenta con detenimiento las sesiones de rehabilitaci\u00f3n, los partidos de su equipo seguidos entre el p\u00fablico, sus primeros entrenamientos y su regreso al campo de f\u00fatbol.<\/p>\n<p> <img src=\"https:\/\/www.europesays.com\/es\/wp-content\/uploads\/2025\/09\/1066d17c6d9d-dlu591738013.jpg\"   width=\"682\" height=\"1024\" loading=\"lazy\" decoding=\"async\" alt=\"Media Image\" fetchpriority=\"auto\" class=\"image ho-image\"\/>\u00a9 GTRES<\/p>\n<p id=\"e3jRb8qQ52\" data-wc=\"108\">Pero sobre todo, el documental est\u00e1 planteado tambi\u00e9n com<a class=\"hm-link ho-link\" href=\"https:\/\/www.hola.com\/actualidad\/20200305162334\/isco-alarcon-juegos-con-hijo\/\" data-mrf-recirculation=\"article-body-link\" rel=\"nofollow noopener\" target=\"_blank\">o declaraci\u00f3n de amor de S\u00e1lamo a Isco,<\/a> a quien le dice: \u201cMientras todo esto ocurre yo estoy aqu\u00ed, mir\u00e1ndote, film\u00e1ndote, tratando de entender con la c\u00e1mara lo que con el coraz\u00f3n ya s\u00e9. Porque hay algo distinto en tu forma de caer y levantarte, algo que es distinto a todo lo que he visto, algo que s\u00f3lo puedo ver yo porque te he amado en cada una de tus versiones, tambi\u00e9n en esta. Entiendo que recuperarse no es volver a ser el de antes, es seguir siendo t\u00fa, en todas tus formas, y yo aqu\u00ed, sigui\u00e9ndote con la mirada\u201d.<\/p>\n<p id=\"eiCaRD6eOz\" data-wc=\"53\">La pel\u00edcula, cuyo subt\u00edtulo es La resiliencia de Isco Alarc\u00f3n, concluye con una serie de agradecimientos entre los que figuran los que dedica a sus hijos Theo y Piero, cuya voz tambi\u00e9n se escucha ocasionalmente durante el metraje, y a su marido: \u201cPor mirarme cada d\u00eda como yo te miro en esta pel\u00edcula\u201d.<\/p>\n","protected":false},"excerpt":{"rendered":"La actriz Sara S\u00e1lamo ha presentado esta tarde en el Festival de San Sebasti\u00e1n el estreno mundial del&hellip;\n","protected":false},"author":2,"featured_media":133172,"comment_status":"","ping_status":"","sticky":false,"template":"","format":"standard","meta":{"footnotes":""},"categories":[174],"tags":[517,255,146,147,25,24,256,30062,42457,23],"class_list":{"0":"post-133171","1":"post","2":"type-post","3":"status-publish","4":"format-standard","5":"has-post-thumbnail","7":"category-famosos","8":"tag-actualidad","9":"tag-celebrities","10":"tag-entertainment","11":"tag-entretenimiento","12":"tag-es","13":"tag-espana","14":"tag-famosos","15":"tag-festival-de-san-sebastian","16":"tag-sara-salamo","17":"tag-spain"},"share_on_mastodon":{"url":"","error":""},"_links":{"self":[{"href":"https:\/\/www.europesays.com\/es\/wp-json\/wp\/v2\/posts\/133171","targetHints":{"allow":["GET"]}}],"collection":[{"href":"https:\/\/www.europesays.com\/es\/wp-json\/wp\/v2\/posts"}],"about":[{"href":"https:\/\/www.europesays.com\/es\/wp-json\/wp\/v2\/types\/post"}],"author":[{"embeddable":true,"href":"https:\/\/www.europesays.com\/es\/wp-json\/wp\/v2\/users\/2"}],"replies":[{"embeddable":true,"href":"https:\/\/www.europesays.com\/es\/wp-json\/wp\/v2\/comments?post=133171"}],"version-history":[{"count":0,"href":"https:\/\/www.europesays.com\/es\/wp-json\/wp\/v2\/posts\/133171\/revisions"}],"wp:featuredmedia":[{"embeddable":true,"href":"https:\/\/www.europesays.com\/es\/wp-json\/wp\/v2\/media\/133172"}],"wp:attachment":[{"href":"https:\/\/www.europesays.com\/es\/wp-json\/wp\/v2\/media?parent=133171"}],"wp:term":[{"taxonomy":"category","embeddable":true,"href":"https:\/\/www.europesays.com\/es\/wp-json\/wp\/v2\/categories?post=133171"},{"taxonomy":"post_tag","embeddable":true,"href":"https:\/\/www.europesays.com\/es\/wp-json\/wp\/v2\/tags?post=133171"}],"curies":[{"name":"wp","href":"https:\/\/api.w.org\/{rel}","templated":true}]}}