{"id":133177,"date":"2025-09-23T05:15:10","date_gmt":"2025-09-23T05:15:10","guid":{"rendered":"https:\/\/www.europesays.com\/es\/133177\/"},"modified":"2025-09-23T05:15:10","modified_gmt":"2025-09-23T05:15:10","slug":"el-inesperado-fallo-tecnico-que-ha-arruinado-la-apertura-de-gala-de-operacion-triunfo","status":"publish","type":"post","link":"https:\/\/www.europesays.com\/es\/133177\/","title":{"rendered":"El inesperado fallo t\u00e9cnico que ha arruinado la apertura de gala de &#8216;Operaci\u00f3n Triunfo&#8217;"},"content":{"rendered":"\n<p> Operaci\u00f3n Triunfo celebr\u00f3 anoche, lunes 22 de septiembre, <strong>su primera gala de esta edici\u00f3n<\/strong>. Los concursantes arrancaron la emisi\u00f3n cantando una canci\u00f3n m\u00edtica: Yo quiero bailar de Sonia y Selena. Con una coreograf\u00eda en\u00e9rgica y llena de emoci\u00f3n, los concursantes interpretaron este popular tema. Sin embargo, <strong>los fallos de sonido arruinaron este n\u00famero de apertura<\/strong>. <\/p>\n<p> No es la primera vez que los fallos t\u00e9cnicos ensombrecen una actuaci\u00f3n en directo de <a href=\"https:\/\/www.elconfidencial.com\/tags\/topics\/operacion-triunfo-12856\/\" target=\"_self\" rel=\"nofollow noopener\">Operaci\u00f3n Triunfo<\/a>. A pesar de que se realizan numerosos ensayos en los d\u00edas previos a la gala, <strong>el plat\u00f3 del talent de Gestmusic es uno de los m\u00e1s complejos de la televisi\u00f3n<\/strong>. Junto a los altos decibelios de la m\u00fasica, se unen los gritos y aplausos de casi 500 personas y la dificultad de retransmitirlo todo en directo. <\/p>\n<p> La canci\u00f3n comenz\u00f3 con alguna que otra interferencia, <strong>pero lo peor sucedi\u00f3 en la primera estrofa<\/strong>. Fue en el segundo verso, cuando el micr\u00f3fono de Guille qued\u00f3 completamente silenciado. A continuaci\u00f3n, a Carlos le ocurri\u00f3 algo similar a su compa\u00f1ero, <strong>aunque, en su caso, el equipo de sonido consigui\u00f3 activar el sonido de su micro<\/strong>. <\/p>\n<p> Tambi\u00e9n se colaron varios pitidos y se acopl\u00f3 el sonido en la primera parte del tema grupal. Sin embargo, el equipo de Operaci\u00f3n Triunfo consigui\u00f3 acabar con este fallo r\u00e1pidamente y, <strong>en el primer estribillo, todo volvi\u00f3 a la normalidad<\/strong>. Hay que recordar que, aunque OT ahora se emita en <a href=\"https:\/\/www.elconfidencial.com\/tags\/topics\/amazon-prime-video-20126\/\" target=\"_self\" rel=\"nofollow noopener\">Prime Video<\/a>, las galas siguen emiti\u00e9ndose en directo. <\/p>\n<p>               Cristina y Olivia en el tema grupal de &#8216;Operaci\u00f3n Triunfo&#8217;. (Prime Video)             <\/p>\n<p> Por lo que estos fallos de sonido pueden ser habituales en un programa con tanta infraestructura como es Operaci\u00f3n Triunfo, <strong>algo que ya se vio en la anterior edici\u00f3n<\/strong>. De todas formas, estas interferencias no desconcentraron a los concursantes, ya que, aparentemente, se mantuvieron ajenos a este problema.<strong> Cuando finaliz\u00f3 el tema grupal, Chenoa tampoco hizo ninguna referencia a este error<\/strong>. La presentadora despidi\u00f3 a los concursantes y charl\u00f3 un rato con el jurado. <\/p>\n<p> Operaci\u00f3n Triunfo celebr\u00f3 anoche, lunes 22 de septiembre, <strong>su primera gala de esta edici\u00f3n<\/strong>. Los concursantes arrancaron la emisi\u00f3n cantando una canci\u00f3n m\u00edtica: Yo quiero bailar de Sonia y Selena. Con una coreograf\u00eda en\u00e9rgica y llena de emoci\u00f3n, los concursantes interpretaron este popular tema. Sin embargo, <strong>los fallos de sonido arruinaron este n\u00famero de apertura<\/strong>. <\/p>\n","protected":false},"excerpt":{"rendered":"Operaci\u00f3n Triunfo celebr\u00f3 anoche, lunes 22 de septiembre, su primera gala de esta edici\u00f3n. Los concursantes arrancaron la&hellip;\n","protected":false},"author":2,"featured_media":133178,"comment_status":"","ping_status":"","sticky":false,"template":"","format":"standard","meta":{"footnotes":""},"categories":[171],"tags":[146,147,25,24,23,214],"class_list":{"0":"post-133177","1":"post","2":"type-post","3":"status-publish","4":"format-standard","5":"has-post-thumbnail","7":"category-tv","8":"tag-entertainment","9":"tag-entretenimiento","10":"tag-es","11":"tag-espana","12":"tag-spain","13":"tag-tv"},"share_on_mastodon":{"url":"","error":""},"_links":{"self":[{"href":"https:\/\/www.europesays.com\/es\/wp-json\/wp\/v2\/posts\/133177","targetHints":{"allow":["GET"]}}],"collection":[{"href":"https:\/\/www.europesays.com\/es\/wp-json\/wp\/v2\/posts"}],"about":[{"href":"https:\/\/www.europesays.com\/es\/wp-json\/wp\/v2\/types\/post"}],"author":[{"embeddable":true,"href":"https:\/\/www.europesays.com\/es\/wp-json\/wp\/v2\/users\/2"}],"replies":[{"embeddable":true,"href":"https:\/\/www.europesays.com\/es\/wp-json\/wp\/v2\/comments?post=133177"}],"version-history":[{"count":0,"href":"https:\/\/www.europesays.com\/es\/wp-json\/wp\/v2\/posts\/133177\/revisions"}],"wp:featuredmedia":[{"embeddable":true,"href":"https:\/\/www.europesays.com\/es\/wp-json\/wp\/v2\/media\/133178"}],"wp:attachment":[{"href":"https:\/\/www.europesays.com\/es\/wp-json\/wp\/v2\/media?parent=133177"}],"wp:term":[{"taxonomy":"category","embeddable":true,"href":"https:\/\/www.europesays.com\/es\/wp-json\/wp\/v2\/categories?post=133177"},{"taxonomy":"post_tag","embeddable":true,"href":"https:\/\/www.europesays.com\/es\/wp-json\/wp\/v2\/tags?post=133177"}],"curies":[{"name":"wp","href":"https:\/\/api.w.org\/{rel}","templated":true}]}}