{"id":133179,"date":"2025-09-23T05:16:08","date_gmt":"2025-09-23T05:16:08","guid":{"rendered":"https:\/\/www.europesays.com\/es\/133179\/"},"modified":"2025-09-23T05:16:08","modified_gmt":"2025-09-23T05:16:08","slug":"artistas-que-se-presentaran-marc-anthony-y-willie-colon-en-la-lista","status":"publish","type":"post","link":"https:\/\/www.europesays.com\/es\/133179\/","title":{"rendered":"Artistas que se presentar\u00e1n \u00a1Marc Anthony y Willie Col\u00f3n en la lista!"},"content":{"rendered":"<p>\t\t\t\t\t\t<img decoding=\"async\" src=\"\" alt=\"Ana Canto\" class=\"article-body__author-figure-img\"\/>\t\t\t\t\t\t\t <\/p>\n<p data-start=\"71\" data-end=\"245\">Este jueves 25 de septiembre se celebrar\u00e1n en Panam\u00e1 los<strong\/><a href=\"https:\/\/www.telemetro.com\/premios-juventud\/premios-juventud-2025-asi-sera-el-operativo-seguridad-el-figali-convention-center-n6054957\" target=\"_blank\" rel=\"follow nofollow noopener\" title=\"Premios Juventud 2025: As\u00ed ser\u00e1 el operativo de seguridad en el Figali Convention Center\"><strong> Premios Juventud 2025<\/strong><\/a>, con la participaci\u00f3n en vivo de m\u00e1s de 40 artistas, tanto nacionales como internacionales. Conoce aqu\u00ed la lista completa de los artistas invitados.<\/p>\n<p>Embed &#8211; Premios Juventud on Instagram: \u00ab\u00a1El \u00edcono de la m\u00fasica latina est\u00e1 de vuelta! @marcanthony sube al escenario de #PremiosJuventud junto a @wisinofficial para un LANZAMIENTO GLOBAL que nadie se puede perder Jueves, 25 de septiembre a las 7P\/6C por @univision y @vix \u00ab<\/p>\n<p>       Premios Juventud 2025: Artistas confirmados en la lista oficial de presentaciones <\/p>\n<ol>\n<li data-start=\"473\" data-end=\"629\">Camilo<\/li>\n<li data-start=\"473\" data-end=\"629\">Farruko<\/li>\n<li data-start=\"473\" data-end=\"629\">Boza<\/li>\n<li data-start=\"473\" data-end=\"629\">Los Rabanes<\/li>\n<li data-start=\"473\" data-end=\"629\">Grupo Firme<\/li>\n<li data-start=\"473\" data-end=\"629\">Bad Gyal<\/li>\n<li data-start=\"473\" data-end=\"629\">Maluma<\/li>\n<li data-start=\"473\" data-end=\"629\">Morat<\/li>\n<li data-start=\"473\" data-end=\"629\">Lola \u00cdndigo<\/li>\n<li data-start=\"473\" data-end=\"629\">Alleh y Yorghaki<\/li>\n<li data-start=\"473\" data-end=\"629\">Xavi<\/li>\n<li data-start=\"473\" data-end=\"629\">Carlos Vives<\/li>\n<li data-start=\"473\" data-end=\"629\">Mike Towers<\/li>\n<li data-start=\"473\" data-end=\"629\">Grupo Niche<\/li>\n<li data-start=\"473\" data-end=\"629\">Sergio George<\/li>\n<li data-start=\"473\" data-end=\"629\">Silvestre Dangond<\/li>\n<li data-start=\"473\" data-end=\"629\">Yami Safdie<\/li>\n<li data-start=\"473\" data-end=\"629\">Emilia<\/li>\n<li data-start=\"473\" data-end=\"629\">Alem\u00e1n<\/li>\n<li data-start=\"473\" data-end=\"629\">Fonseca<\/li>\n<li data-start=\"473\" data-end=\"629\">Esa\u00fa Ortiz<\/li>\n<li data-start=\"473\" data-end=\"629\">Luis BPM<\/li>\n<li data-start=\"473\" data-end=\"629\">D\u00edmelo Flow<\/li>\n<li data-start=\"473\" data-end=\"629\">Wisin<\/li>\n<li data-start=\"473\" data-end=\"629\">Rich Yashel<\/li>\n<li data-start=\"473\" data-end=\"629\">Omar Alfano<\/li>\n<li data-start=\"473\" data-end=\"629\">Nampa B\u00e1sico<\/li>\n<li data-start=\"473\" data-end=\"629\">Mari La Carajita<\/li>\n<li data-start=\"473\" data-end=\"629\">Marc Antony<\/li>\n<li data-start=\"473\" data-end=\"629\">Makaco El Cerebro<\/li>\n<li data-start=\"473\" data-end=\"629\">Kevin Aguilar<\/li>\n<li data-start=\"473\" data-end=\"629\">Hamilton<\/li>\n<li data-start=\"473\" data-end=\"629\">Gloria Trevi<\/li>\n<li data-start=\"473\" data-end=\"629\">DND<\/li>\n<li data-start=\"473\" data-end=\"629\">Los Gaitanes<\/li>\n<li data-start=\"473\" data-end=\"629\">Erika Ender<\/li>\n<li data-start=\"473\" data-end=\"629\">Camila Fern\u00e1ndez<\/li>\n<li data-start=\"473\" data-end=\"629\">Sech<\/li>\n<li data-start=\"473\" data-end=\"629\">Willie Col\u00f3n<\/li>\n<li data-start=\"473\" data-end=\"629\">Samy y Sandra Sandoval<\/li>\n<li data-start=\"473\" data-end=\"629\">Natti Natasha<\/li>\n<li data-start=\"473\" data-end=\"629\">Nando Boom<\/li>\n<li data-start=\"473\" data-end=\"629\">Boza<\/li>\n<\/ol>\n<p> Embed &#8211; Premios Juventud on Instagram: \u00bb \u00a1Leyenda en la casa! @realwilliecolon, pionero de la salsa, maestro del tromb\u00f3n y figura emblem\u00e1tica de Fania All Stars, se une al opening de #PremiosJuventud para rendir homenaje a Panam\u00e1 con su ic\u00f3nico \u00e9xito \u201cLa Murga\u201d \u00a1Prep\u00e1rense, porque con este cl\u00e1sico nadie se quedar\u00e1 sentado! Jueves, 25 de septiembre a las 7P\/6C por @univision y @vix \u00ab<\/p>\n<p>       \u00bfD\u00f3nde ver los Premios Juventud 2025? <\/p>\n<p>Los Premios Juventud se transmitir\u00e1 en vivo a trav\u00e9s de las pantallas de Telemetro y RPC, a partir de las 4:00 p.m., para que todo Panam\u00e1 pueda ser parte de uno de los eventos m\u00e1s relevantes de la m\u00fasica latinoamericana.<\/p>\n<p>La transmisi\u00f3n tambi\u00e9n estar\u00e1 disponible en l\u00ednea mediante el portal web <strong><a data-start=\"423\" data-end=\"465\" rel=\"noopener nofollow\" target=\"_new\" class=\"\" href=\"https:\/\/www.telemetro.com\/\">Telemetro.com<\/a><\/strong> y el canal de YouTube de La Mordida.<\/p>\n","protected":false},"excerpt":{"rendered":"Este jueves 25 de septiembre se celebrar\u00e1n en Panam\u00e1 los Premios Juventud 2025, con la participaci\u00f3n en vivo&hellip;\n","protected":false},"author":2,"featured_media":133180,"comment_status":"","ping_status":"","sticky":false,"template":"","format":"standard","meta":{"footnotes":""},"categories":[170],"tags":[146,147,25,24,184,185,23],"class_list":{"0":"post-133179","1":"post","2":"type-post","3":"status-publish","4":"format-standard","5":"has-post-thumbnail","7":"category-musica","8":"tag-entertainment","9":"tag-entretenimiento","10":"tag-es","11":"tag-espana","12":"tag-music","13":"tag-musica","14":"tag-spain"},"share_on_mastodon":{"url":"","error":""},"_links":{"self":[{"href":"https:\/\/www.europesays.com\/es\/wp-json\/wp\/v2\/posts\/133179","targetHints":{"allow":["GET"]}}],"collection":[{"href":"https:\/\/www.europesays.com\/es\/wp-json\/wp\/v2\/posts"}],"about":[{"href":"https:\/\/www.europesays.com\/es\/wp-json\/wp\/v2\/types\/post"}],"author":[{"embeddable":true,"href":"https:\/\/www.europesays.com\/es\/wp-json\/wp\/v2\/users\/2"}],"replies":[{"embeddable":true,"href":"https:\/\/www.europesays.com\/es\/wp-json\/wp\/v2\/comments?post=133179"}],"version-history":[{"count":0,"href":"https:\/\/www.europesays.com\/es\/wp-json\/wp\/v2\/posts\/133179\/revisions"}],"wp:featuredmedia":[{"embeddable":true,"href":"https:\/\/www.europesays.com\/es\/wp-json\/wp\/v2\/media\/133180"}],"wp:attachment":[{"href":"https:\/\/www.europesays.com\/es\/wp-json\/wp\/v2\/media?parent=133179"}],"wp:term":[{"taxonomy":"category","embeddable":true,"href":"https:\/\/www.europesays.com\/es\/wp-json\/wp\/v2\/categories?post=133179"},{"taxonomy":"post_tag","embeddable":true,"href":"https:\/\/www.europesays.com\/es\/wp-json\/wp\/v2\/tags?post=133179"}],"curies":[{"name":"wp","href":"https:\/\/api.w.org\/{rel}","templated":true}]}}