{"id":133189,"date":"2025-09-23T05:23:07","date_gmt":"2025-09-23T05:23:07","guid":{"rendered":"https:\/\/www.europesays.com\/es\/133189\/"},"modified":"2025-09-23T05:23:07","modified_gmt":"2025-09-23T05:23:07","slug":"trump-designa-terrorista-al-movimiento-antifa-de-ee-uu-dw-23-09-2025","status":"publish","type":"post","link":"https:\/\/www.europesays.com\/es\/133189\/","title":{"rendered":"Trump designa \u00abterrorista\u00bb al movimiento Antifa de EE.UU. \u2013 DW \u2013 23\/09\/2025"},"content":{"rendered":"<p>El presidente de <a class=\"internal-link\" href=\"https:\/\/www.dw.com\/es\/estados-unidos\/t-17411942\" rel=\"nofollow noopener\" target=\"_blank\">Estados Unidos<\/a>, <a class=\"internal-link\" href=\"https:\/\/www.dw.com\/es\/trump-donald\/t-19445010\" rel=\"nofollow noopener\" target=\"_blank\">Donald Trump<\/a>, design\u00f3 el lunes (22.09.2025) como una \u00aborganizaci\u00f3n terrorista nacional\u00bb al movimiento Antifa del pa\u00eds, al que relaciona de forma directa con \u00abla violencia pol\u00edtica vigente\u00bb.<\/p>\n<p>La <a class=\"internal-link\" href=\"https:\/\/www.dw.com\/es\/trump-designar\u00e1-al-movimiento-antifa-como-organizaci\u00f3n-terrorista\/a-74037619\" rel=\"nofollow noopener\" target=\"_blank\">orden ejecutiva firmada por el mandatario<\/a> declara a Antifa como \u00aborganizaci\u00f3n terrorista local\u00bb, atribuy\u00e9ndole un patr\u00f3n sistem\u00e1tico de violencia pol\u00edtica dise\u00f1ado para socavar el estado de derecho y reprimir la actividad pol\u00edtica legal en Estados Unidos.<\/p>\n<p>Seg\u00fan el documento, <a class=\"internal-link\" href=\"https:\/\/www.dw.com\/es\/declarados-enemigos-por-trump-qu\u00e9-es-el-movimiento-antifa\/a-74051599\" rel=\"nofollow noopener\" target=\"_blank\">el movimiento<\/a> utiliza \u00abataques violentos contra el Servicio de Inmigraci\u00f3n y Control de Aduanas (ICE) y otros agentes del orden\u00bb como parte de su estrategia para lograr objetivos pol\u00edticos mediante la coerci\u00f3n y la intimidaci\u00f3n.<\/p>\n<blockquote class=\"tweet embed\" data-id=\"1970259261100786164\"\/>\n<p>Investigar\u00e1n operaciones ilegales<\/p>\n<p>La orden de Trump instruye a todos los departamentos y agencias federales a utilizar todas sus facultades para investigar, desmantelar y perseguir cualquier operaci\u00f3n ilegal vinculada a Antifa, incluyendo el apoyo de material a sus acciones violentas.<\/p>\n<p>Antifa es un movimiento descentralizado de izquierda que se opone a los grupos de extrema derecha, racistas y fascistas, ha atra\u00eddo durante mucho tiempo las cr\u00edticas del presidente estadounidense, quien ha oficializado su designaci\u00f3n como terrorista pese a que no existe un l\u00edder o una organizaci\u00f3n formal a quien acusar.<\/p>\n<p>En 2020, el entonces director del Bur\u00f3 Federal de Investigaciones (FBI), Christopher Wray, afirm\u00f3 que Antifa era una ideolog\u00eda m\u00e1s que una organizaci\u00f3n formal.<\/p>\n<p>La orden ejecutiva da facultad a las autoridades para investigar y procesar a cualquiera que act\u00fae bajo el nombre de Antifa y organizaciones que en teor\u00eda financien sus acciones.<\/p>\n<p>Trump acus\u00f3 a la \u00abizquierda extrema\u00bb de forma abierta de ser responsable de la violencia que vive el pa\u00eds en el contexto del asesinato del activista ultraconservador, Charlie Kirk, el pasado 10 de septiembre en Utah, quien fue velado este fin de semana ante m\u00e1s de 90.000 personas en un evento liderado por el mandatario y su gabinete.<\/p>\n<p>gs (efe, reuters)<\/p>\n","protected":false},"excerpt":{"rendered":"El presidente de Estados Unidos, Donald Trump, design\u00f3 el lunes (22.09.2025) como una \u00aborganizaci\u00f3n terrorista nacional\u00bb al movimiento&hellip;\n","protected":false},"author":2,"featured_media":133190,"comment_status":"","ping_status":"","sticky":false,"template":"","format":"standard","meta":{"footnotes":""},"categories":[42],"tags":[17,18,13,14,11,61,62,63,64,19,20,9,10,15,16,12,21,22,65,66,67],"class_list":{"0":"post-133189","1":"post","2":"type-post","3":"status-publish","4":"format-standard","5":"has-post-thumbnail","7":"category-internacional","8":"tag-breaking-news","9":"tag-breakingnews","10":"tag-featured-news","11":"tag-featurednews","12":"tag-headlines","13":"tag-internacional","14":"tag-international","15":"tag-international-news","16":"tag-internationalnews","17":"tag-latest-news","18":"tag-latestnews","19":"tag-news","20":"tag-noticias","21":"tag-noticias-destacadas","22":"tag-noticiasdestacadas","23":"tag-titulares","24":"tag-ultimas-noticias","25":"tag-ultimasnoticias","26":"tag-world","27":"tag-world-news","28":"tag-worldnews"},"share_on_mastodon":{"url":"","error":""},"_links":{"self":[{"href":"https:\/\/www.europesays.com\/es\/wp-json\/wp\/v2\/posts\/133189","targetHints":{"allow":["GET"]}}],"collection":[{"href":"https:\/\/www.europesays.com\/es\/wp-json\/wp\/v2\/posts"}],"about":[{"href":"https:\/\/www.europesays.com\/es\/wp-json\/wp\/v2\/types\/post"}],"author":[{"embeddable":true,"href":"https:\/\/www.europesays.com\/es\/wp-json\/wp\/v2\/users\/2"}],"replies":[{"embeddable":true,"href":"https:\/\/www.europesays.com\/es\/wp-json\/wp\/v2\/comments?post=133189"}],"version-history":[{"count":0,"href":"https:\/\/www.europesays.com\/es\/wp-json\/wp\/v2\/posts\/133189\/revisions"}],"wp:featuredmedia":[{"embeddable":true,"href":"https:\/\/www.europesays.com\/es\/wp-json\/wp\/v2\/media\/133190"}],"wp:attachment":[{"href":"https:\/\/www.europesays.com\/es\/wp-json\/wp\/v2\/media?parent=133189"}],"wp:term":[{"taxonomy":"category","embeddable":true,"href":"https:\/\/www.europesays.com\/es\/wp-json\/wp\/v2\/categories?post=133189"},{"taxonomy":"post_tag","embeddable":true,"href":"https:\/\/www.europesays.com\/es\/wp-json\/wp\/v2\/tags?post=133189"}],"curies":[{"name":"wp","href":"https:\/\/api.w.org\/{rel}","templated":true}]}}