{"id":133195,"date":"2025-09-23T05:26:11","date_gmt":"2025-09-23T05:26:11","guid":{"rendered":"https:\/\/www.europesays.com\/es\/133195\/"},"modified":"2025-09-23T05:26:11","modified_gmt":"2025-09-23T05:26:11","slug":"alvaro-de-hita-el-caserio-es-un-ejemplo-para-todos","status":"publish","type":"post","link":"https:\/\/www.europesays.com\/es\/133195\/","title":{"rendered":"\u00c1lvaro de Hita: \u00abEl Caser\u00edo es un ejemplo para todos\u00bb"},"content":{"rendered":"<p>\u00c1lvaro de Hita (16-2-1977. Ciudad Real) se prepara para vivir este s\u00e1bado en el Quijote Arena (17.30 horas) un partido muy especial. El portero ciudadreale\u00f1o del Puente Genil regresa a la que siempre ser\u00e1 su casa para medirse al Caser\u00edo Ciudad Real y en la grada estar\u00e1n sus amigos y familiares. De hecho, por la noche se quedar\u00e1 en Ciudad Real disfrutando del domingo junto a los suyos.\u00a0<\/p>\n<p>Este mismo verano hubo contactos para su posible incorporaci\u00f3n al conjunto amarillo, pero cuestiones personales y familiares impidieron su fichaje, de ah\u00ed que ahora est\u00e9 cumpliendo su duod\u00e9cima campa\u00f1a consecutiva en el Puente Genil, volviendo a ser, a sus 48 a\u00f1os, el jugador m\u00e1s longevo de la competici\u00f3n.<\/p>\n<p>\u00abEs una fecha marcada en rojo\u00bb, admite De Hita, que desea toda la suerte del mundo a sus &#8216;paisanos&#8217;, pero a partir de este mismo s\u00e1bado.<\/p>\n<p>Ambos conjuntos ya se enfrentaron este verano en el Quijote Arena con motivo del Trofeo de Feria y en ese arranque de pretemporada el triunfo (32-30) fue para el Caser\u00edo, pero ese precedente no parece muy significativo en este momento.<\/p>\n<p>Puente Genil llega con una cierta urgencia de puntos, pues suma sus dos partidos por derrotas, aunque es verdad que su calendario no ha sido nada f\u00e1cil, ya que empez\u00f3 la Liga en Granollers y este mismo fin de semana perd\u00eda en su pista ante el Bidasoa, verdugo del Caser\u00edo en la jornada inaugural. Eso s\u00ed, De Hita avisa que ganar al Caser\u00edo en el Quijote Arena \u00abva a ser muy dif\u00edcil\u00bb, recordando el gran ambiente que se pudo vivir el pasado s\u00e1bado en el encuentro de rivalidad regional ante el Cuenca.<\/p>\n<p>Ambos conjuntos comparten el objetivo de lograr la permanencia en la Liga Asobal, si bien, el veterano guardameta elogia \u00abel juego vistoso\u00bb de los manchegos.<\/p>\n<p><strong>LA DEFENSA, CLAVE.<\/strong> Entre las claves del partido, considera que deben superar \u00abla defensa del Caser\u00edo, que es muy dura. El otro d\u00eda, por ejemplo, solamente recibieron 23 goles. En ataque tenemos que estar finos y en defensa ser fuertes para tener opciones\u00bb.<\/p>\n<p>Individualmente comienza una nueva campa\u00f1a en la Liga Asobal \u00abcon mucha ilusi\u00f3n\u00bb y la experiencia le dicta que el paso de la competici\u00f3n es el que va marcando los objetivos, de ah\u00ed que no quiere que salten las alarmas por un inicio donde no han podido sumar.<\/p>\n<p>Desde fuera, no tiene dudas al afirmar que el Balonmano Caser\u00edo \u00abes un ejemplo para otros clubes. Su caso te demuestra que hay que ir poco a poco y trabajar duro para conseguir los objetivos. El salto que ha dado a todos los niveles es espectacular. Para m\u00ed, es uno de los clubes m\u00e1s serios de la Liga Asobal, con una masa social tremenda, patrocinadores, una ciudad volcada y una plantilla muy amplia\u00bb.<\/p>\n","protected":false},"excerpt":{"rendered":"\u00c1lvaro de Hita (16-2-1977. Ciudad Real) se prepara para vivir este s\u00e1bado en el Quijote Arena (17.30 horas)&hellip;\n","protected":false},"author":2,"featured_media":133196,"comment_status":"","ping_status":"","sticky":false,"template":"","format":"standard","meta":{"footnotes":""},"categories":[278],"tags":[376,1944,1940,1942,168,25,24,375,23687,1675,4092,36425,23,167],"class_list":{"0":"post-133195","1":"post","2":"type-post","3":"status-publish","4":"format-standard","5":"has-post-thumbnail","7":"category-balonmano","8":"tag-balonmano","9":"tag-balonmano-caserio","10":"tag-ciudad-real","11":"tag-cuenca","12":"tag-deportes","13":"tag-es","14":"tag-espana","15":"tag-handball","16":"tag-hita","17":"tag-liga-asobal","18":"tag-quijote-arena","19":"tag-rio-bidasoa","20":"tag-spain","21":"tag-sports"},"share_on_mastodon":{"url":"","error":""},"_links":{"self":[{"href":"https:\/\/www.europesays.com\/es\/wp-json\/wp\/v2\/posts\/133195","targetHints":{"allow":["GET"]}}],"collection":[{"href":"https:\/\/www.europesays.com\/es\/wp-json\/wp\/v2\/posts"}],"about":[{"href":"https:\/\/www.europesays.com\/es\/wp-json\/wp\/v2\/types\/post"}],"author":[{"embeddable":true,"href":"https:\/\/www.europesays.com\/es\/wp-json\/wp\/v2\/users\/2"}],"replies":[{"embeddable":true,"href":"https:\/\/www.europesays.com\/es\/wp-json\/wp\/v2\/comments?post=133195"}],"version-history":[{"count":0,"href":"https:\/\/www.europesays.com\/es\/wp-json\/wp\/v2\/posts\/133195\/revisions"}],"wp:featuredmedia":[{"embeddable":true,"href":"https:\/\/www.europesays.com\/es\/wp-json\/wp\/v2\/media\/133196"}],"wp:attachment":[{"href":"https:\/\/www.europesays.com\/es\/wp-json\/wp\/v2\/media?parent=133195"}],"wp:term":[{"taxonomy":"category","embeddable":true,"href":"https:\/\/www.europesays.com\/es\/wp-json\/wp\/v2\/categories?post=133195"},{"taxonomy":"post_tag","embeddable":true,"href":"https:\/\/www.europesays.com\/es\/wp-json\/wp\/v2\/tags?post=133195"}],"curies":[{"name":"wp","href":"https:\/\/api.w.org\/{rel}","templated":true}]}}