{"id":133203,"date":"2025-09-23T05:34:10","date_gmt":"2025-09-23T05:34:10","guid":{"rendered":"https:\/\/www.europesays.com\/es\/133203\/"},"modified":"2025-09-23T05:34:10","modified_gmt":"2025-09-23T05:34:10","slug":"no-me-habia-preparado-el-discurso","status":"publish","type":"post","link":"https:\/\/www.europesays.com\/es\/133203\/","title":{"rendered":"No me hab\u00eda preparado el discurso"},"content":{"rendered":"<p data-gtm-element-container=\"modulo-texto-link\" class=\"paragraph\">Por tercer a\u00f1o, y de forma consecutiva, <strong>Aitana Bonmat\u00ed<\/strong> se alz\u00f3 con el <strong>Bal\u00f3n de Oro <\/strong>en el<strong> Theatre du Chatalet de Par\u00eds<\/strong>. Fue un triunfo contra pron\u00f3stico, pues la azulgrana esta vez no part\u00eda como favorita dado que su ex compa\u00f1ero en el <strong>Bar\u00e7a <\/strong>y ahora en el <strong>Arsenal<\/strong>,\u00a0 Mariona Caldentey, se proclam\u00f3 campeona de la Champions en Lisboa frente al mismo Bar\u00e7a. \u00abPod\u00eda haber pasado cualquier cosa, se lo podr\u00eda llevar alguna otra compa\u00f1era y por eso no me he preparado hoy el discurso\u00bb, dijo Aitana, que confes\u00f3 que era la primera vez que la organizaci\u00f3n no se lo anticipaba.\u00a0<\/p>\n<p data-gtm-element-container=\"modulo-texto-link\" class=\"paragraph\">Preguntada por si se ve como &#8216;One Woman Club&#8217;, jugadora de un solo club, <strong>Aitana <\/strong>admiti\u00f3 que se siente muy cul\u00e9, pero prefiere no pensar en el futuro. \u00abPor el momento tengo tres a\u00f1os m\u00e1s de contrato, llevo 14 a\u00f1os en el club, no me gusta hablar del futuro, me gusta vivir el presente, el <strong>Bar\u00e7a <\/strong>es mi casa y mi club de toda la vida, y ojal\u00e1 pueda seguir mucho tiempo\u00bb, coment\u00f3 la de Sant Pere de Ribes en Movistar.\u00a0<\/p>\n","protected":false},"excerpt":{"rendered":"Por tercer a\u00f1o, y de forma consecutiva, Aitana Bonmat\u00ed se alz\u00f3 con el Bal\u00f3n de Oro en el&hellip;\n","protected":false},"author":2,"featured_media":133204,"comment_status":"","ping_status":"","sticky":false,"template":"","format":"standard","meta":{"footnotes":""},"categories":[268],"tags":[168,25,24,280,282,281,23,167],"class_list":{"0":"post-133203","1":"post","2":"type-post","3":"status-publish","4":"format-standard","5":"has-post-thumbnail","7":"category-futbol","8":"tag-deportes","9":"tag-es","10":"tag-espana","11":"tag-football","12":"tag-futbol","13":"tag-soccer","14":"tag-spain","15":"tag-sports"},"share_on_mastodon":{"url":"","error":""},"_links":{"self":[{"href":"https:\/\/www.europesays.com\/es\/wp-json\/wp\/v2\/posts\/133203","targetHints":{"allow":["GET"]}}],"collection":[{"href":"https:\/\/www.europesays.com\/es\/wp-json\/wp\/v2\/posts"}],"about":[{"href":"https:\/\/www.europesays.com\/es\/wp-json\/wp\/v2\/types\/post"}],"author":[{"embeddable":true,"href":"https:\/\/www.europesays.com\/es\/wp-json\/wp\/v2\/users\/2"}],"replies":[{"embeddable":true,"href":"https:\/\/www.europesays.com\/es\/wp-json\/wp\/v2\/comments?post=133203"}],"version-history":[{"count":0,"href":"https:\/\/www.europesays.com\/es\/wp-json\/wp\/v2\/posts\/133203\/revisions"}],"wp:featuredmedia":[{"embeddable":true,"href":"https:\/\/www.europesays.com\/es\/wp-json\/wp\/v2\/media\/133204"}],"wp:attachment":[{"href":"https:\/\/www.europesays.com\/es\/wp-json\/wp\/v2\/media?parent=133203"}],"wp:term":[{"taxonomy":"category","embeddable":true,"href":"https:\/\/www.europesays.com\/es\/wp-json\/wp\/v2\/categories?post=133203"},{"taxonomy":"post_tag","embeddable":true,"href":"https:\/\/www.europesays.com\/es\/wp-json\/wp\/v2\/tags?post=133203"}],"curies":[{"name":"wp","href":"https:\/\/api.w.org\/{rel}","templated":true}]}}