{"id":133214,"date":"2025-09-23T05:41:07","date_gmt":"2025-09-23T05:41:07","guid":{"rendered":"https:\/\/www.europesays.com\/es\/133214\/"},"modified":"2025-09-23T05:41:07","modified_gmt":"2025-09-23T05:41:07","slug":"balon-de-oro-aitana-bonmati-y-ousmane-dembele-reyes-del-futbol-el-pais-expres","status":"publish","type":"post","link":"https:\/\/www.europesays.com\/es\/133214\/","title":{"rendered":"Bal\u00f3n de Oro: Aitana Bonmat\u00ed y Ousmane Demb\u00e9l\u00e9, reyes del f\u00fatbol | El PA\u00cdS Expr\u00e9s"},"content":{"rendered":"<p><img fetchpriority=\"high\" decoding=\"auto\" class=\"_re  a_m-h\" height=\"414\"  width=\"414\"  src=\"https:\/\/www.europesays.com\/es\/wp-content\/uploads\/2025\/09\/PD4UTB4HJFCYVGOEHD54GQS6HM.jpg\" loading=\"eager\"\/>22 09 2025. Aitana Bonmat\u00ed y Ousmane Dembele, tras ganar los Balones de Oro en Par\u00eds. foto de X de la organizaci\u00f3nFoto: Bal\u00f3n de Oro<\/p>\n<p class=\"\">Par\u00eds coron\u00f3 anoche a los reyes del f\u00fatbol. Uno nuevo, Ousmane Demb\u00e9l\u00e9, que lo gan\u00f3 casi todo con el PSG la temporada pasada; y una ya habitual, Aitana Bonmat\u00ed, la l\u00edder del Barcelona se llev\u00f3 el premio a la mejor jugadora del mundo por tercera vez consecutiva.<\/p>\n<p class=\"\"><b>De r\u00e9cord.<\/b> Aitana Bonmat\u00ed hizo historia. Hasta ahora, solo Michel Platini en los ochenta y Leo Messi hab\u00edan ganado tres balones dorados seguidos (el argentino se llev\u00f3 cuatro del tir\u00f3n de 2009 a 2012). <\/p>\n<ul>\n<li>\u201cPodr\u00eda haber ganado cualquiera de vosotras\u201d, manifest\u00f3 la catalana, que hizo una enorme temporada 24-25 pese a que fue subcampeona de Europa con el Bar\u00e7a y con la selecci\u00f3n espa\u00f1ola.<\/li>\n<\/ul>\n<p class=\"\"><b>La redenci\u00f3n de Demb\u00e9l\u00e9.<\/b> El jugador franc\u00e9s se impuso a Lamine Yamal (segundo) en el duelo final. La gran temporada a nivel individual y colectivo borra en parte el recuerdo que dej\u00f3 su imagen de jugador disperso e irregular en su etapa de Barcelona.<\/p>\n<p class=\"\"><b>Otros reconocimientos.<\/b><\/p>\n<ul>\n<li>Luis Enrique, mejor entrenador del curso tras ganar la Liga, Copa y Champions con el PSG.<\/li>\n<li>Lamine Yamal, trofeo Kopa al mejor jugador sub-21 por segunda vez consecutiva.<\/li>\n<li>Vicky L\u00f3pez, del Barcelona, mejor jugadora sub-21.<\/li>\n<li>Gigi Donnarumma (PSG y ahora en el City), mejor portero.<\/li>\n<li>PSG, mejor equipo.<\/li>\n<\/ul>\n<p class=\"\">\u00a9Foto: Bal\u00f3n de Oro.<\/p>\n<p class=\"\"><a href=\"https:\/\/elpais.com\/deportes\/futbol\/2025-09-22\/el-psg-de-luis-enrique-corona-a-ousmane-dembele-como-nuevo-balon-de-oro.html\" target=\"_self\" rel=\"nofollow noopener\" title=\"https:\/\/elpais.com\/deportes\/futbol\/2025-09-22\/el-psg-de-luis-enrique-corona-a-ousmane-dembele-como-nuevo-balon-de-oro.html\">Si quieres saber m\u00e1s, puedes leer aqu\u00ed.<\/a><\/p>\n","protected":false},"excerpt":{"rendered":"22 09 2025. Aitana Bonmat\u00ed y Ousmane Dembele, tras ganar los Balones de Oro en Par\u00eds. foto de&hellip;\n","protected":false},"author":2,"featured_media":133215,"comment_status":"","ping_status":"","sticky":false,"template":"","format":"standard","meta":{"footnotes":""},"categories":[93],"tags":[6748,168,6440,25,24,282,1538,8138,10402,16808,16806,532,4409,23,167],"class_list":{"0":"post-133214","1":"post","2":"type-post","3":"status-publish","4":"format-standard","5":"has-post-thumbnail","7":"category-deportes","8":"tag-aitana-bonmati","9":"tag-deportes","10":"tag-equipos","11":"tag-es","12":"tag-espana","13":"tag-futbol","14":"tag-futbolistas","15":"tag-lamine-yamal","16":"tag-luis-enrique","17":"tag-ousmane-dembele","18":"tag-premio-balon-de-oro","19":"tag-premios","20":"tag-psg","21":"tag-spain","22":"tag-sports"},"share_on_mastodon":{"url":"","error":""},"_links":{"self":[{"href":"https:\/\/www.europesays.com\/es\/wp-json\/wp\/v2\/posts\/133214","targetHints":{"allow":["GET"]}}],"collection":[{"href":"https:\/\/www.europesays.com\/es\/wp-json\/wp\/v2\/posts"}],"about":[{"href":"https:\/\/www.europesays.com\/es\/wp-json\/wp\/v2\/types\/post"}],"author":[{"embeddable":true,"href":"https:\/\/www.europesays.com\/es\/wp-json\/wp\/v2\/users\/2"}],"replies":[{"embeddable":true,"href":"https:\/\/www.europesays.com\/es\/wp-json\/wp\/v2\/comments?post=133214"}],"version-history":[{"count":0,"href":"https:\/\/www.europesays.com\/es\/wp-json\/wp\/v2\/posts\/133214\/revisions"}],"wp:featuredmedia":[{"embeddable":true,"href":"https:\/\/www.europesays.com\/es\/wp-json\/wp\/v2\/media\/133215"}],"wp:attachment":[{"href":"https:\/\/www.europesays.com\/es\/wp-json\/wp\/v2\/media?parent=133214"}],"wp:term":[{"taxonomy":"category","embeddable":true,"href":"https:\/\/www.europesays.com\/es\/wp-json\/wp\/v2\/categories?post=133214"},{"taxonomy":"post_tag","embeddable":true,"href":"https:\/\/www.europesays.com\/es\/wp-json\/wp\/v2\/tags?post=133214"}],"curies":[{"name":"wp","href":"https:\/\/api.w.org\/{rel}","templated":true}]}}