{"id":133216,"date":"2025-09-23T05:43:09","date_gmt":"2025-09-23T05:43:09","guid":{"rendered":"https:\/\/www.europesays.com\/es\/133216\/"},"modified":"2025-09-23T05:43:09","modified_gmt":"2025-09-23T05:43:09","slug":"la-huida-de-espana-de-isabel-pantoja-deja-huerfanos-a-sus-hijos","status":"publish","type":"post","link":"https:\/\/www.europesays.com\/es\/133216\/","title":{"rendered":"La huida de Espa\u00f1a de Isabel Pantoja deja \u00abhu\u00e9rfanos\u00bb a sus hijos"},"content":{"rendered":"<p>No hay vuelta atr\u00e1s. Lo tiene decidido desde hace mucho tiempo y ahora se convierte en realidad. <a title=\"Isabel Pantoja buscar\u00e1 en la Rep\u00fablica Dominicana\" href=\"https:\/\/www.larazon.es\/gente\/famosos\/isabel-pantoja-rompe-todo-muda-caribe-este-motivo-cumplido-peor-sus-temores_202506096846df8a69892f40336b3e61.html\" target=\"_blank\" rel=\"nofollow noopener\">Isabel Pantoja buscar\u00e1 en la Rep\u00fablica Dominicana<\/a> el sosiego y la paz que no encuentra en Espa\u00f1a. All\u00ed piensa fijar su cuartel general de cara a esa gira americana que tanto se est\u00e1 demorando. <b>Con esta huida hacia adelante deja, en cierto modo, \u201chu\u00e9rfanos\u201d a sus dos hijos<\/b>. El cisma familiar es cada vez m\u00e1s grande, y m\u00e1s a\u00fan ahora, cuando les separar\u00e1n miles de kil\u00f3metros de distancia.<\/p>\n<p>La tonadillera ya ha vaciado \u201cCantora\u201d: un gran tr\u00e1iler se llev\u00f3 al puerto de C\u00e1diz todos los enseres de la finca. <b>Poco ha quedado all\u00ed. Incluso han desaparecido los famosos -y tan buscados- objetos que pertenecieron al fallecido Paquirri<\/b>. En este sentido, Francisco y Cayetano Rivera pueden dar definitivamente por perdidos los bienes que les dej\u00f3 su padre en herencia y que Isabel nunca les entreg\u00f3 en vida.<\/p>\n<p>Antes de partir hacia tierras caribe\u00f1as, la Pantoja har\u00e1 una escala durante un tiempo en las islas Canarias, donde cuenta con buenos apoyos y amigos en el Cabildo. Evidentemente, su hermano Agust\u00edn es el \u00fanico familiar que la acompa\u00f1a en esta especie de \u201cdestierro\u201d; el resto no cuentan para la artista.<b> Ni siquiera su incondicional sobrina Anabel, con la que est\u00e1 algo distanciada desde que fue madre primeriza<\/b>.<\/p>\n<p><img decoding=\"async\" loading=\"lazy\" src=\"https:\/\/www.europesays.com\/es\/wp-content\/uploads\/2025\/09\/isabel-pantoja-imagen-archivo_58.jpg\" alt=\"Isabel Pantoja en una imagen de archivo\" width=\"896\" height=\"555\"\/><b>Isabel Pantoja en una imagen de archivo<\/b>Gtres<\/p>\n<p>No se sabe si este ser\u00e1 un adi\u00f3s definitivo a tierras espa\u00f1olas o si a\u00fan cabe en su mente la idea de regresar alg\u00fan d\u00eda a la Pen\u00ednsula. Aqu\u00ed, <b>en los \u00faltimos a\u00f1os, casi todo han sido disgustos<\/b>: desde el rechazo a sus hijos y nietos hasta sus problemas con Hacienda o la falta de trabajo.<\/p>\n<p>Muchos se preguntan de d\u00f3nde saca el dinero para mantener su econom\u00eda. Adem\u00e1s, <b>parece ser que tambi\u00e9n debe dinero a algunos particulares<\/b>. Otra inc\u00f3gnita sin resolver.<\/p>\n<p><b>\u00bfQu\u00e9 pasar\u00e1 ahora con \u201cCantora\u201d y con las casas de Sevilla y El Roc\u00edo?<\/b> \u00bfContinuar\u00e1 su guerra con su cu\u00f1ada, la japonesa Junko, para lograr echarla del piso del barrio sevillano de El Tard\u00f3n?<\/p>\n<p>En estos momentos, seg\u00fan se ha publicado, un equipo de profesionales est\u00e1 llevando a cabo <b>las gestiones necesarias para que Isabel se asiente sin problemas en la Rep\u00fablica Dominicana<\/b>. Espa\u00f1a quedar\u00e1 en el recuerdo por mucho tiempo.<\/p>\n","protected":false},"excerpt":{"rendered":"No hay vuelta atr\u00e1s. Lo tiene decidido desde hace mucho tiempo y ahora se convierte en realidad. Isabel&hellip;\n","protected":false},"author":2,"featured_media":133217,"comment_status":"","ping_status":"","sticky":false,"template":"","format":"standard","meta":{"footnotes":""},"categories":[91],"tags":[146,147,25,24,23],"class_list":{"0":"post-133216","1":"post","2":"type-post","3":"status-publish","4":"format-standard","5":"has-post-thumbnail","7":"category-entretenimiento","8":"tag-entertainment","9":"tag-entretenimiento","10":"tag-es","11":"tag-espana","12":"tag-spain"},"share_on_mastodon":{"url":"","error":""},"_links":{"self":[{"href":"https:\/\/www.europesays.com\/es\/wp-json\/wp\/v2\/posts\/133216","targetHints":{"allow":["GET"]}}],"collection":[{"href":"https:\/\/www.europesays.com\/es\/wp-json\/wp\/v2\/posts"}],"about":[{"href":"https:\/\/www.europesays.com\/es\/wp-json\/wp\/v2\/types\/post"}],"author":[{"embeddable":true,"href":"https:\/\/www.europesays.com\/es\/wp-json\/wp\/v2\/users\/2"}],"replies":[{"embeddable":true,"href":"https:\/\/www.europesays.com\/es\/wp-json\/wp\/v2\/comments?post=133216"}],"version-history":[{"count":0,"href":"https:\/\/www.europesays.com\/es\/wp-json\/wp\/v2\/posts\/133216\/revisions"}],"wp:featuredmedia":[{"embeddable":true,"href":"https:\/\/www.europesays.com\/es\/wp-json\/wp\/v2\/media\/133217"}],"wp:attachment":[{"href":"https:\/\/www.europesays.com\/es\/wp-json\/wp\/v2\/media?parent=133216"}],"wp:term":[{"taxonomy":"category","embeddable":true,"href":"https:\/\/www.europesays.com\/es\/wp-json\/wp\/v2\/categories?post=133216"},{"taxonomy":"post_tag","embeddable":true,"href":"https:\/\/www.europesays.com\/es\/wp-json\/wp\/v2\/tags?post=133216"}],"curies":[{"name":"wp","href":"https:\/\/api.w.org\/{rel}","templated":true}]}}