{"id":133221,"date":"2025-09-23T05:46:12","date_gmt":"2025-09-23T05:46:12","guid":{"rendered":"https:\/\/www.europesays.com\/es\/133221\/"},"modified":"2025-09-23T05:46:12","modified_gmt":"2025-09-23T05:46:12","slug":"rusia-reporta-tres-muertos-por-ataque-de-ucrania-en-crimea-dw-22-09-2025","status":"publish","type":"post","link":"https:\/\/www.europesays.com\/es\/133221\/","title":{"rendered":"Rusia reporta tres muertos por ataque de Ucrania en Crimea \u2013 DW \u2013 22\/09\/2025"},"content":{"rendered":"<p>Un ataque ucraniano con drones mat\u00f3 a tres personas en <a class=\"internal-link\" href=\"https:\/\/www.dw.com\/es\/crimea\/t-17503823\" rel=\"nofollow noopener\" target=\"_blank\">Crimea<\/a>, la pen\u00ednsula anexada por Mosc\u00fa en 2014, afirm\u00f3 una autoridad rusa el lunes (22.09.2025).<\/p>\n<p>Sergu\u00e9i Aksionov, el jefe de Crimea apoyado por el <a class=\"internal-link\" href=\"https:\/\/www.dw.com\/es\/rusia\/t-17410119\" rel=\"nofollow noopener\" target=\"_blank\">Kremlin<\/a>, indic\u00f3 que <a class=\"internal-link\" href=\"https:\/\/www.dw.com\/es\/ucrania\/t-36925922\" rel=\"nofollow noopener\" target=\"_blank\">Ucrania<\/a> atac\u00f3 la localidad tur\u00edstica de Foros, donde da\u00f1\u00f3 los predios de un sanatorio y un edificio escolar.<\/p>\n<p>\u00abSeg\u00fan la informaci\u00f3n actualizada, tres personas murieron y 16 fueron heridas como resultado del ataque\u00bb con dron, public\u00f3 Aksionov en Telegram.<\/p>\n<p>Incendio en Yalta<\/p>\n<p>Fragmentos del dron derribado tambi\u00e9n causaron un incendio cerca de la ciudad de Yalta, agreg\u00f3.<\/p>\n<p>El Ministerio de Defensa ruso calific\u00f3 la acci\u00f3n como un \u00abataque terrorista\u00bb.<\/p>\n<p>Por su parte, Ucrania afirm\u00f3 que\u00a0<a class=\"internal-link\" href=\"https:\/\/www.dw.com\/es\/al-menos-dos-muertos-en-bombardeo-contra-ucrania\/a-74086810\" rel=\"nofollow noopener\" target=\"_blank\">Rusia lanz\u00f3 46 ataques a\u00e9reos<\/a> contra su territorio hasta las 22H00 (19H00 GMT) del domingo.<\/p>\n<p><a class=\"internal-link\" href=\"https:\/\/www.dw.com\/es\/crimea-una-larga-historia-de-conflictos\/a-17479648\" rel=\"nofollow noopener\" target=\"_blank\">Rusia anex\u00f3 Crimea\u00a0en 2014<\/a> tras un refer\u00e9ndum denunciado por la comunidad internacional, y exige que Ucrania y los pa\u00edses occidentales reconozcan a la pen\u00ednsula como parte de su territorio.<\/p>\n<p>DW Analiza &#8211; \u00bfSe quedar\u00e1 Rusia con Crimea?  <video id=\"video-73690531\" controls=\"\" playsinline=\"\" preload=\"none\" poster=\"data:image\/png;base64,iVBORw0KGgoAAAANSUhEUgAAAAEAAAABCAQAAAC1HAwCAAAAC0lEQVR42mNkYAAAAAYAAjCB0C8AAAAASUVORK5CYII=\" data-id=\"73690531\" data-posterurl=\"https:\/\/static.dw.com\/image\/64331966_605.webp\" data-duration=\"12:29\"><\/p>\n<p class=\"vjs-no-js\">To view this video please enable JavaScript, and consider upgrading to a web browser that <a href=\"https:\/\/videojs.com\/html5-video-support\/\" target=\"_blank\" rel=\"nofollow noopener\">supports HTML5 video<\/a><\/p>\n<p><\/video><\/p>\n","protected":false},"excerpt":{"rendered":"Un ataque ucraniano con drones mat\u00f3 a tres personas en Crimea, la pen\u00ednsula anexada por Mosc\u00fa en 2014,&hellip;\n","protected":false},"author":2,"featured_media":127024,"comment_status":"","ping_status":"","sticky":false,"template":"","format":"standard","meta":{"footnotes":""},"categories":[42],"tags":[17,18,13,14,11,61,62,63,64,19,20,9,10,15,16,12,21,22,65,66,67],"class_list":{"0":"post-133221","1":"post","2":"type-post","3":"status-publish","4":"format-standard","5":"has-post-thumbnail","7":"category-internacional","8":"tag-breaking-news","9":"tag-breakingnews","10":"tag-featured-news","11":"tag-featurednews","12":"tag-headlines","13":"tag-internacional","14":"tag-international","15":"tag-international-news","16":"tag-internationalnews","17":"tag-latest-news","18":"tag-latestnews","19":"tag-news","20":"tag-noticias","21":"tag-noticias-destacadas","22":"tag-noticiasdestacadas","23":"tag-titulares","24":"tag-ultimas-noticias","25":"tag-ultimasnoticias","26":"tag-world","27":"tag-world-news","28":"tag-worldnews"},"share_on_mastodon":{"url":"","error":""},"_links":{"self":[{"href":"https:\/\/www.europesays.com\/es\/wp-json\/wp\/v2\/posts\/133221","targetHints":{"allow":["GET"]}}],"collection":[{"href":"https:\/\/www.europesays.com\/es\/wp-json\/wp\/v2\/posts"}],"about":[{"href":"https:\/\/www.europesays.com\/es\/wp-json\/wp\/v2\/types\/post"}],"author":[{"embeddable":true,"href":"https:\/\/www.europesays.com\/es\/wp-json\/wp\/v2\/users\/2"}],"replies":[{"embeddable":true,"href":"https:\/\/www.europesays.com\/es\/wp-json\/wp\/v2\/comments?post=133221"}],"version-history":[{"count":0,"href":"https:\/\/www.europesays.com\/es\/wp-json\/wp\/v2\/posts\/133221\/revisions"}],"wp:featuredmedia":[{"embeddable":true,"href":"https:\/\/www.europesays.com\/es\/wp-json\/wp\/v2\/media\/127024"}],"wp:attachment":[{"href":"https:\/\/www.europesays.com\/es\/wp-json\/wp\/v2\/media?parent=133221"}],"wp:term":[{"taxonomy":"category","embeddable":true,"href":"https:\/\/www.europesays.com\/es\/wp-json\/wp\/v2\/categories?post=133221"},{"taxonomy":"post_tag","embeddable":true,"href":"https:\/\/www.europesays.com\/es\/wp-json\/wp\/v2\/tags?post=133221"}],"curies":[{"name":"wp","href":"https:\/\/api.w.org\/{rel}","templated":true}]}}