{"id":133224,"date":"2025-09-23T05:48:23","date_gmt":"2025-09-23T05:48:23","guid":{"rendered":"https:\/\/www.europesays.com\/es\/133224\/"},"modified":"2025-09-23T05:48:23","modified_gmt":"2025-09-23T05:48:23","slug":"lamine-yamal-es-elegido-el-mejor-jugador-del-mundo","status":"publish","type":"post","link":"https:\/\/www.europesays.com\/es\/133224\/","title":{"rendered":"Lamine Yamal es elegido el mejor jugador del mundo"},"content":{"rendered":"<p class=\"parrafo\">A pocas horas de conocerse el ganador oficial del <strong>Bal\u00f3n de Oro de 2025<\/strong>, el <strong>Observatorio del F\u00fatbol CIES<\/strong> ha emitido su propio ranking estad\u00edstico, donde ha colocado al joven jugador del FC Barcelona,<strong> Lamine Yamal<\/strong>, como el <strong>mejor jugador del mundo<\/strong>.<\/p>\n<p class=\"parrafo\">El resultado llega en un momento decisivo, ya que este <strong>lunes 22 de septiembre se celebrar\u00e1 en Par\u00eds la gala en la que se entregar\u00e1 el prestigioso galard\u00f3n<\/strong>. Aunque los focos apuntan principalmente a <strong>Ousmane Demb\u00e9l\u00e9<\/strong> como gran favorito, el veredicto del CIES puede <a href=\"https:\/\/www.estadiodeportivo.com\/futbol\/barcelona\/lamine-yamal-pide-balon-oro-20250902-510210.html\" target=\"_blank\" class=\"intext-link\" rel=\"nofollow noopener\">equilibrar la balanza en favor del joven atacante espa\u00f1ol<\/a>.<\/p>\n<p><a class=\"elementos-rel-t2\" href=\"https:\/\/www.estadiodeportivo.com\/futbol\/barcelona\/lamine-yamal-punto-20250921-512986.html\" title=\"Lamine Yamal, a punto\" rel=\"nofollow noopener\" target=\"_blank\">Lamine Yamal, a punto<img decoding=\"async\" src=\"https:\/\/www.europesays.com\/es\/wp-content\/uploads\/2025\/09\/06023068-1dc2-4ac4-9477-6ff859af24e7_320x180.jpeg\" alt=\"Lamine Yamal, a punto\"\/><\/a><a class=\"elementos-rel-t2\" href=\"https:\/\/www.estadiodeportivo.com\/futbol\/barcelona\/lamine-yamal-pide-balon-oro-20250902-510210.html\" title=\"Lamine Yamal pide el Bal\u00f3n de Oro\" rel=\"nofollow noopener\" target=\"_blank\">Lamine Yamal pide el Bal\u00f3n de Oro<img decoding=\"async\" src=\"https:\/\/www.europesays.com\/es\/wp-content\/uploads\/2025\/09\/02617b85-440d-43a8-8ce8-9e578817f095_320x180.jpeg\" alt=\"Lamine Yamal pide el Bal\u00f3n de Oro\"\/><\/a><a class=\"elementos-rel-t2\" href=\"https:\/\/www.estadiodeportivo.com\/futbol\/real-madrid\/relaciones-rotas-entre-real-madrid-balon-oro-20250922-513116.html\" title=\"Relaciones rotas entre Real Madrid y el Bal\u00f3n de Oro\" rel=\"nofollow noopener\" target=\"_blank\">Relaciones rotas entre Real Madrid y el Bal\u00f3n de Oro<img decoding=\"async\" src=\"https:\/\/www.europesays.com\/es\/wp-content\/uploads\/2025\/09\/74d28783-33b9-4cb6-8e64-ccaffe5cbb67_320x180.jpeg\" alt=\"Relaciones rotas entre Real Madrid y el Bal\u00f3n de Oro\"\/><\/a>Yamal lidera un ranking hist\u00f3rico<\/p>\n<p class=\"parrafo\">El estudio elaborado por el CIES se basa en un <strong>an\u00e1lisis exhaustivo de seis \u00e1reas clave del juego: creaci\u00f3n, finalizaci\u00f3n, contribuci\u00f3n defensiva, influencia en resultados y otros aspectos relacionados con el impacto individual<\/strong>. Bajo esa lupa, el canterano azulgrana se impuso como l\u00edder absoluto.<\/p>\n<p class=\"parrafo\">Por otro lado, <strong>Kylian Mbapp\u00e9<\/strong>, figura en la <strong>segunda posici\u00f3n<\/strong>, mientras que <strong>Pedri <\/strong><strong>completa un podio<\/strong> con gran presencia cul\u00e9. M\u00e1s abajo en la lista aparecen grandes nombres como <strong>Virgil van Dijk<\/strong>, <strong>Michael Olise<\/strong> o <strong>Mohamed Salah<\/strong>. Llama la atenci\u00f3n el <strong>s\u00e9ptimo puesto de Demb\u00e9l\u00e9<\/strong>, que, a pesar de estar en la terna final del Bal\u00f3n de Oro, no alcanz\u00f3 las primeras posiciones del ranking estad\u00edstico. <strong>Achraf Hakimi<\/strong> y <strong>Vin\u00edcius J\u00fanior<\/strong> <strong>cierran el top 10<\/strong>.<\/p>\n<p class=\"parrafo\">El reconocimiento confirma el mete\u00f3rico ascenso de<a href=\"https:\/\/www.estadiodeportivo.com\/estar-al-dia\/al-toque\/lamine-yamal-baila-con-messi-tiktok-20250921-512989.html\" target=\"_blank\" class=\"intext-link\" rel=\"nofollow noopener\"> <\/a><strong><a href=\"https:\/\/www.estadiodeportivo.com\/estar-al-dia\/al-toque\/lamine-yamal-baila-con-messi-tiktok-20250921-512989.html\" target=\"_blank\" class=\"intext-link\" rel=\"nofollow noopener\">Lamine Yamal<\/a><\/strong>, que a sus 18 a\u00f1os ya se ha instalado entre la <strong>\u00e9lite mundial<\/strong>. Su desequilibrio en ataque, sumado a una madurez impropia de su edad, lo han convertido en <strong>pieza fundamental del proyecto de Hansi Flick en el FC Barcelona<\/strong>.<\/p>\n<p>Camino al Bal\u00f3n de Oro 2025<\/p>\n<p class=\"parrafo\">La coincidencia de fechas convierte el anuncio del CIES en un <strong>ingrediente m\u00e1s para la expectaci\u00f3n en torno a la gala del Bal\u00f3n de Oro<\/strong>. Todo apunta a una <strong>pugna cerrada entre Lamine Yamal y Ousmane Demb\u00e9l\u00e9<\/strong>, aunque el espaldarazo estad\u00edstico recibido por el azulgrana puede influir en la narrativa medi\u00e1tica de las pr\u00f3ximas horas.<\/p>\n<p class=\"parrafo\">M\u00e1s all\u00e1 de lo que ocurra en Par\u00eds, el hecho de que <strong>Lamine Yamal ya figure en la cima de un ranking<\/strong> tan reconocido refuerza la idea de que no se trata \u00fanicamente de una promesa. El internacional espa\u00f1ol es ya presente y futuro del f\u00fatbol mundial.<\/p>\n<p class=\"parrafo\">Si el <strong>Bal\u00f3n de Oro<\/strong> acaba en sus manos esta misma noche, ser\u00e1 la confirmaci\u00f3n definitiva de una carrera llamada a marcar \u00e9poca. En cualquier caso, el sello del CIES ya ha dejado claro que <strong>Lamine Yamal es el mejor jugador del mundo<\/strong>.<\/p>\n","protected":false},"excerpt":{"rendered":"A pocas horas de conocerse el ganador oficial del Bal\u00f3n de Oro de 2025, el Observatorio del F\u00fatbol&hellip;\n","protected":false},"author":2,"featured_media":133225,"comment_status":"","ping_status":"","sticky":false,"template":"","format":"standard","meta":{"footnotes":""},"categories":[5],"tags":[32461,17,18,37111,25,24,284,10116,13,14,282,11,288,8138,19,20,9,10,15,16,1945,23,12,21,22],"class_list":{"0":"post-133224","1":"post","2":"type-post","3":"status-publish","4":"format-standard","5":"has-post-thumbnail","7":"category-titulares","8":"tag-balon-de-oro","9":"tag-breaking-news","10":"tag-breakingnews","11":"tag-dembele","12":"tag-es","13":"tag-espana","14":"tag-estadio-deportivo","15":"tag-f-c-barcelona","16":"tag-featured-news","17":"tag-featurednews","18":"tag-futbol","19":"tag-headlines","20":"tag-laliga","21":"tag-lamine-yamal","22":"tag-latest-news","23":"tag-latestnews","24":"tag-news","25":"tag-noticias","26":"tag-noticias-destacadas","27":"tag-noticiasdestacadas","28":"tag-primera-division","29":"tag-spain","30":"tag-titulares","31":"tag-ultimas-noticias","32":"tag-ultimasnoticias"},"share_on_mastodon":{"url":"","error":""},"_links":{"self":[{"href":"https:\/\/www.europesays.com\/es\/wp-json\/wp\/v2\/posts\/133224","targetHints":{"allow":["GET"]}}],"collection":[{"href":"https:\/\/www.europesays.com\/es\/wp-json\/wp\/v2\/posts"}],"about":[{"href":"https:\/\/www.europesays.com\/es\/wp-json\/wp\/v2\/types\/post"}],"author":[{"embeddable":true,"href":"https:\/\/www.europesays.com\/es\/wp-json\/wp\/v2\/users\/2"}],"replies":[{"embeddable":true,"href":"https:\/\/www.europesays.com\/es\/wp-json\/wp\/v2\/comments?post=133224"}],"version-history":[{"count":0,"href":"https:\/\/www.europesays.com\/es\/wp-json\/wp\/v2\/posts\/133224\/revisions"}],"wp:featuredmedia":[{"embeddable":true,"href":"https:\/\/www.europesays.com\/es\/wp-json\/wp\/v2\/media\/133225"}],"wp:attachment":[{"href":"https:\/\/www.europesays.com\/es\/wp-json\/wp\/v2\/media?parent=133224"}],"wp:term":[{"taxonomy":"category","embeddable":true,"href":"https:\/\/www.europesays.com\/es\/wp-json\/wp\/v2\/categories?post=133224"},{"taxonomy":"post_tag","embeddable":true,"href":"https:\/\/www.europesays.com\/es\/wp-json\/wp\/v2\/tags?post=133224"}],"curies":[{"name":"wp","href":"https:\/\/api.w.org\/{rel}","templated":true}]}}