{"id":133234,"date":"2025-09-23T05:57:11","date_gmt":"2025-09-23T05:57:11","guid":{"rendered":"https:\/\/www.europesays.com\/es\/133234\/"},"modified":"2025-09-23T05:57:11","modified_gmt":"2025-09-23T05:57:11","slug":"balon-de-oro-2025-dembele-y-aitana-se-visten-de-oro-en-paris-en-directo","status":"publish","type":"post","link":"https:\/\/www.europesays.com\/es\/133234\/","title":{"rendered":"Bal\u00f3n de Oro 2025 | Demb\u00e9l\u00e9 y Aitana se visten de oro en Par\u00eds, en directo"},"content":{"rendered":"<p>TROFEO KOPA | Lamine Yamal (Barcelona) y Vicky L\u00f3pez (Barcelona)<br \/>\nTROFEO JOHAN CRUYFF | Luis Enrique (PSG) y Sarina Wiegman (Inglaterra)<br \/>\nTROFEO YASHIN | Donnarumma (Manchester City) y Hampton (Chelsea)<br \/>\nTROFEO MULLER | Gyokeres (Arsenal) y Pajor (Barcelona)<br \/>\nMEJOR EQUIPO DEL A\u00d1O | PSG (masculino) y Arsenal (femenino)<br \/>\nPREMIO SOCRATES | Fundaci\u00f3n Xana<br \/>\nBAL\u00d3N DE ORO FEMENINO | Aitana Bonmat\u00ed (Barcelona)<br \/>\nBAL\u00d3N DE ORO MASCULINO | Ousmane Demb\u00e9l\u00e9 (PSG)<\/p>\n<p>        <img src=\"https:\/\/www.lavanguardia.com\/files\/image_449_220\/files\/fp\/uploads\/2025\/09\/22\/68d1ba3b0ddcf.r_d.1321-796.jpeg\" data-full-src=\"https:\/\/www.europesays.com\/es\/wp-content\/uploads\/2025\/09\/68d1ba3b0ddcf.jpeg\" alt=\"Aitana vuelve a ganar el Bal\u00f3n de Oro en Par\u00eds\" width=\"449\" height=\"220\" class=\"nolazy\" decoding=\"async\" fetchpriority=\"high\"\/><\/p>\n<p class=\"caption-title \">Bal\u00f3n de Oro 2025 | Demb\u00e9l\u00e9 y Aitana se visten de oro en Par\u00eds, en directo<\/p>\n<p>Franck FIFE \/ AFP<\/p>\n<p>                <img loading=\"lazy\" decoding=\"async\" width=\"40\" height=\"40\" alt=\"Bal\u00f3n de Oro 2025 | Demb\u00e9l\u00e9 y Aitana se visten de oro en Par\u00eds, en directo\" title=\"\" src=\"\/files\/image_40_40\/uploads\/2023\/02\/21\/63f47e83301b8.jpeg\" class=\"lazy\"\/><\/p>\n<p>\n                22\/09\/2025 19:29<br \/>\n                Actualizado a  23\/09\/2025 00:00\n            <\/p>\n<p>Cargando siguiente contenido&#8230;\n                <\/p>\n","protected":false},"excerpt":{"rendered":"TROFEO KOPA | Lamine Yamal (Barcelona) y Vicky L\u00f3pez (Barcelona) TROFEO JOHAN CRUYFF | Luis Enrique (PSG) y&hellip;\n","protected":false},"author":2,"featured_media":133235,"comment_status":"","ping_status":"","sticky":false,"template":"","format":"standard","meta":{"footnotes":""},"categories":[268],"tags":[168,25,24,280,282,281,23,167],"class_list":{"0":"post-133234","1":"post","2":"type-post","3":"status-publish","4":"format-standard","5":"has-post-thumbnail","7":"category-futbol","8":"tag-deportes","9":"tag-es","10":"tag-espana","11":"tag-football","12":"tag-futbol","13":"tag-soccer","14":"tag-spain","15":"tag-sports"},"share_on_mastodon":{"url":"","error":""},"_links":{"self":[{"href":"https:\/\/www.europesays.com\/es\/wp-json\/wp\/v2\/posts\/133234","targetHints":{"allow":["GET"]}}],"collection":[{"href":"https:\/\/www.europesays.com\/es\/wp-json\/wp\/v2\/posts"}],"about":[{"href":"https:\/\/www.europesays.com\/es\/wp-json\/wp\/v2\/types\/post"}],"author":[{"embeddable":true,"href":"https:\/\/www.europesays.com\/es\/wp-json\/wp\/v2\/users\/2"}],"replies":[{"embeddable":true,"href":"https:\/\/www.europesays.com\/es\/wp-json\/wp\/v2\/comments?post=133234"}],"version-history":[{"count":0,"href":"https:\/\/www.europesays.com\/es\/wp-json\/wp\/v2\/posts\/133234\/revisions"}],"wp:featuredmedia":[{"embeddable":true,"href":"https:\/\/www.europesays.com\/es\/wp-json\/wp\/v2\/media\/133235"}],"wp:attachment":[{"href":"https:\/\/www.europesays.com\/es\/wp-json\/wp\/v2\/media?parent=133234"}],"wp:term":[{"taxonomy":"category","embeddable":true,"href":"https:\/\/www.europesays.com\/es\/wp-json\/wp\/v2\/categories?post=133234"},{"taxonomy":"post_tag","embeddable":true,"href":"https:\/\/www.europesays.com\/es\/wp-json\/wp\/v2\/tags?post=133234"}],"curies":[{"name":"wp","href":"https:\/\/api.w.org\/{rel}","templated":true}]}}