{"id":133242,"date":"2025-09-23T06:01:04","date_gmt":"2025-09-23T06:01:04","guid":{"rendered":"https:\/\/www.europesays.com\/es\/133242\/"},"modified":"2025-09-23T06:01:04","modified_gmt":"2025-09-23T06:01:04","slug":"operacion-triunfo-gala-1-no-buika-no-party-television","status":"publish","type":"post","link":"https:\/\/www.europesays.com\/es\/133242\/","title":{"rendered":"\u2018Operaci\u00f3n Triunfo\u2019 Gala 1: No Buika, no party | Televisi\u00f3n"},"content":{"rendered":"<p class=\"\">Si ayer Chenoa hubiese abierto la gala como la semana pasada, con un \u201cAlexa, es hora de empezar\u201d, seguro que alguno habr\u00eda pensado en Alexia Putellas, que en ese momento <a href=\"https:\/\/elpais.com\/deportes\/futbol\/2025-09-22\/aitana-bonmati-la-lider-excepcional-que-ya-cuenta-tres-balones-de-oro.html\" target=\"_self\" rel=\"nofollow noopener\" title=\"https:\/\/elpais.com\/deportes\/futbol\/2025-09-22\/aitana-bonmati-la-lider-excepcional-que-ya-cuenta-tres-balones-de-oro.html\">ve\u00eda en Par\u00eds como su compa\u00f1era Aitana ganaba su tercer Bal\u00f3n de Oro<\/a> consecutivo en esa gala en la que no estuvo el Real Madrid porque no se ajunta con el premio desde que el a\u00f1o pasado no se lo dieron a Vinicius.<\/p>\n<p class=\"\">Quienes se encargan de la salud mental de los concursantes de Operaci\u00f3n Triunfo podr\u00edan tomarlo de ejemplo para dejarles claro lo importante que es mantener la elegancia en la derrota y que nadie es demasiado grande como para estar eximido de hacer el rid\u00edculo, pero Chenoa no se refer\u00eda a Alexia, sino a Alexa, el asistente virtual de Amazon, la plataforma que este a\u00f1o vuelve a acoger el talent, aunque con los estrepitosos fallos de sonido, que ya son marca de la casa; no est\u00e1 la cosa para presumir de tecnolog\u00eda. Es digno de an\u00e1lisis que en los dos programas musicales m\u00e1s relevantes: Operaci\u00f3n Triunfo y Benidorm Fest, haya canciones que se escuchen como si las cantaran desde el fondo de una piscina.<\/p>\n<p>M\u00e1s informaci\u00f3n<\/p>\n<p class=\"\">A Chenoa le da igual; para ella es otro d\u00eda en la oficina. Tiene el mismo empaque con los aspirantes a estrellas de la canci\u00f3n que con los mil leches abandonados de <a href=\"https:\/\/elpais.com\/television\/2025-07-17\/dog-house-la-television-publica-es-esto.html\" target=\"_self\" rel=\"nofollow noopener\" title=\"https:\/\/elpais.com\/television\/2025-07-17\/dog-house-la-television-publica-es-esto.html\">Dog House<\/a>. Ella est\u00e1 ah\u00ed para dar calor de hogar y sujetar el formato con su experiencia. Aunque este a\u00f1o se ve que saben lat\u00edn, o al menos no se percibe demasiado amateurismo. <\/p>\n<p class=\"\">Cuando Chenoa pregunt\u00f3 qui\u00e9n no hab\u00eda grabado nunca, se alzaron pocas manos. Dicen que vienen a aprender, pero vienen a triunfar y lat\u00edn no sabr\u00e1n, pero s\u00ed idiomas diversos. Est\u00e1n sobradamente preparados y ese ha sido un reproche que se ha hecho al casting en redes sociales. Y no me creo que, hablando de OT, haya tardado m\u00e1s de 300 palabras en mencionar las redes, tan indisociables del formato. Se ha dicho, tal vez con demasiada intensidad, que todos son de posibles, que hay poca calle. Recuerdo, los que comentan, no, porque la mayor\u00eda no hab\u00eda nacido, que a los de la primera edici\u00f3n: la de Bisbal, Bustamante y Rosa de Espa\u00f1a, se les reprochaba lo contrario, que all\u00ed no hubiese nadie que como Salma afirmase leer m\u00e1s de 50 libros al a\u00f1o. As\u00ed son las redes sociales, un muro de las lamentaciones desacralizado.<\/p>\n<p class=\"\">El pistoletazo de salida lo dio, como siempre, el tema grupal y el elegido para inaugurar edici\u00f3n fue el <a href=\"https:\/\/youtu.be\/JKWjYTMUeVU?si=mWoC2JHjIOq084D8\" target=\"_self\" rel=\"nofollow noopener\" title=\"https:\/\/youtu.be\/JKWjYTMUeVU?si=mWoC2JHjIOq084D8\">Yo quiero bailar<\/a> de Sonia y Selena, un cl\u00e1sico incontestable que deber\u00eda ser el himno patrio, pero en este pa\u00eds no nos centramos en lo verdaderamente importante. Es tambi\u00e9n un tema que viene muy bien en este formato porque deja claro que puedes triunfar sin saber bailar, ni cantar, ni tener especial carisma, s\u00f3lo necesitas un temazo, y gracias a \u00e9l llevan la rubia y la morena volviendo una y otra vez a la palestra desde hace dos d\u00e9cadas. Por cierto, hace poco alguien me dio una regla nemot\u00e9cnica esencial para distinguirlas: SonIA\/rubIA SelENA\/morENA. Os he cambiado la vida, lo s\u00e9.<\/p>\n<p class=\"\">Con diecis\u00e9is concursantes en la Academia, no hay todav\u00eda actuaciones individuales; hubo ocho d\u00faos que adem\u00e1s sirvieron para calibrar la qu\u00edmica. Por ejemplo, a Claudia Arenas y Judit, que interpretaron Carita triste de Ana Mena y Emilia, les tocaron los mayores fallos de sonido y lo pagaron en las nominaciones. Hubo tiempo para una de las canciones del (pen)\u00faltimo verano: Oliva e Iv\u00e1n Rojo interpretaron el pegadizo I Like The Way You Kiss Me de Artemas; y para cl\u00e1sicos, Laura Mu\u00f1oz y Tinho interpretaron el Against All Odds de Phil Collins y Luc\u00eda Casani y Carlos La danza de las lib\u00e9lulas, el \u00e9xito del chileno Manu Garc\u00eda, remozado junto a Mon Laferte. Este a\u00f1o el programa se emitir\u00e1 tambi\u00e9n en M\u00e9xico, Argentina, Brasil, Colombia, Chile y Per\u00fa y suponemos que eso repercutir\u00e1 en el repertorio musical. Y hablando de Carlos, perm\u00edtanme un inciso para destacar su pecho hirsuto, sin af\u00e1n de cosificaci\u00f3n, que quede claro, solo como mero apunte antropol\u00f3gico. \u00bfEs que han vuelto los torsos velludos a lo <a href=\"https:\/\/elpais.com\/elpais\/2018\/09\/06\/icon\/1536264917_835397.html\" target=\"_self\" rel=\"nofollow noopener\" title=\"https:\/\/elpais.com\/elpais\/2018\/09\/06\/icon\/1536264917_835397.html\">Burt Reynolds<\/a> en los setenta? A favor.<\/p>\n<p class=\"\">Este a\u00f1o hemos perdido a la pizpireta Masi, que anda de cocinitas en MasterChef con Juanjo Bona, porque una vez que entras en la rueda de los realities, lo mismo cocinas pularda a la provenzal ante la atenta mirada de Pepe Rodr\u00edguez, que partes cocos en los Cayos Cochinos o finges mondarte de chistes sin gracia en el programa de Joaqu\u00edn y se\u00f1ora. Masi se echa de menos porque llegaba a plat\u00f3 con el nombre del favorito o favorita y te recitaba las bondades de tu banco, no banco, con una energ\u00eda que podr\u00eda dar luz a un pueblo peque\u00f1o. En su lugar tenemos a Miriam, exconcursante de OT y candidata a ser la Eva Harrington de Chenoa. Con el aplomo que se le ha visto a la gallega, su papel en el formato de Amazon s\u00f3lo puede crecer. Los tres primeros favoritos fueron Guille Toledano, chef y atl\u00e9tico; Judit, que en la gala 0 bord\u00f3 una elegant\u00edsima versi\u00f3n de California Dreamin\u2019, y Cristina, la favorita final gracias a una naturalidad desbordante, de esas que no puede ense\u00f1ar ninguna escuela de interpretaci\u00f3n. Y ojo a las clases de este a\u00f1o porque <a href=\"https:\/\/elpais.com\/cultura\/2025-01-22\/la-dani-actor-si-no-vuelvo-a-actuar-no-pasa-nada-gracias-a-eso-he-abierto-mi-propia-peluqueria.html\" target=\"_self\" rel=\"nofollow noopener\" title=\"https:\/\/elpais.com\/cultura\/2025-01-22\/la-dani-actor-si-no-vuelvo-a-actuar-no-pasa-nada-gracias-a-eso-he-abierto-mi-propia-peluqueria.html\">La Dani<\/a> parece haber llenado ya el enorme hueco que dej\u00f3 Abril Zamora.<\/p>\n<p class=\"\">No es el \u00fanico hueco que a priori parec\u00eda dif\u00edcil de cubrir. El jurado es generalmente uno de los ingredientes principales de cualquier talent, pero no parece que vaya a ser el de este. A no ser que <a href=\"https:\/\/elpais.com\/smoda\/famosos\/2025-09-22\/leire-martinez-la-oreja-de-van-gogh-tampoco-eramos-ya-un-grupo-de-moda-gozabamos-de-una-situacion-muy-digna.html\" target=\"_self\" rel=\"nofollow noopener\" title=\"https:\/\/elpais.com\/smoda\/famosos\/2025-09-22\/leire-martinez-la-oreja-de-van-gogh-tampoco-eramos-ya-un-grupo-de-moda-gozabamos-de-una-situacion-muy-digna.html\">Leire Mart\u00ednez<\/a>, convertida en una viuda de Espa\u00f1a por su tira y afloja con todos los miembros de La Oreja de Van Gogh que no eran ella, se muestre como la villana que a veces parece querer dejar asomar. Guille Milkyway es demasiado buena persona; Abraham Mateo est\u00e1 demasiado contento de estar ah\u00ed y Cris Regatero bastante tiene con asumir que es la \u00fanica que ha sobrevivido de la pasada edici\u00f3n, pero no es la que la mayor\u00eda de los seguidores del formato habr\u00eda querido que volviese. Y es que Buika no est\u00e1, Buika se fue y puedo o\u00edr vuestros gemidos de dolor desde mi sof\u00e1 porque ya no escucharemos frases como \u201cvoy a comerte todas tus cosas negras\u201d ni \u201cSabrosura pa la cabeza y gozadera para la cuerpa\u201dque no sab\u00edamos lo que significaban, pero nos atra\u00edan como a una mosca un toffee. No Buika, no party.<\/p>\n<p class=\"\">Este jurado, que no ha dejado ninguna frase para el recuerdo \u2014y dir\u00e9is que lo que tenemos es que recordar son las actuaciones, pero esto es un espect\u00e1culo televisivo y todo suma\u2014, ha dicho que este a\u00f1o va a haber m\u00e1s empat\u00eda y yo no acabo de ver c\u00f3mo encaja la empat\u00eda y el buen rollo con que los compa\u00f1eros tengan que dejar claro cada semana, pizarrita mediante, qui\u00e9n es el menos querido de la Academia. Le toc\u00f3 a Iv\u00e1n Rojo, que ya se salv\u00f3 por los pelos en la gala 0; \u00e9l y Claudia Arenas son los primeros nominados de esta edici\u00f3n, aunque sabemos que tambi\u00e9n cualquiera de los dos puede ser el ganador final.<\/p>\n<p class=\"\">Cuando se acab\u00f3 la emisi\u00f3n en Prime Video, a MasterChef todav\u00eda le quedaban un par de horas en TVE. No es un dato balad\u00ed; una cadena p\u00fablica tambi\u00e9n deber\u00eda velar por la higiene del sue\u00f1o de sus espectadores y un poco de sensatez en el prime time ayudar\u00eda bastante. A ver si el se\u00f1or director de TVE, tan atento a todo lo que se dice sobre el Ente, toma nota de ello.<\/p>\n","protected":false},"excerpt":{"rendered":"Si ayer Chenoa hubiese abierto la gala como la semana pasada, con un \u201cAlexa, es hora de empezar\u201d,&hellip;\n","protected":false},"author":2,"featured_media":133243,"comment_status":"","ping_status":"","sticky":false,"template":"","format":"standard","meta":{"footnotes":""},"categories":[171],"tags":[6826,3061,17945,7580,146,147,25,24,36729,185,39037,222,18070,23,807,214],"class_list":{"0":"post-133242","1":"post","2":"type-post","3":"status-publish","4":"format-standard","5":"has-post-thumbnail","7":"category-tv","8":"tag-amazon-prime-video","9":"tag-cantantes","10":"tag-chenoa","11":"tag-concursos","12":"tag-entertainment","13":"tag-entretenimiento","14":"tag-es","15":"tag-espana","16":"tag-leire-martinez","17":"tag-musica","18":"tag-noemi-galera","19":"tag-operacion-triunfo","20":"tag-reality-show","21":"tag-spain","22":"tag-television","23":"tag-tv"},"share_on_mastodon":{"url":"","error":""},"_links":{"self":[{"href":"https:\/\/www.europesays.com\/es\/wp-json\/wp\/v2\/posts\/133242","targetHints":{"allow":["GET"]}}],"collection":[{"href":"https:\/\/www.europesays.com\/es\/wp-json\/wp\/v2\/posts"}],"about":[{"href":"https:\/\/www.europesays.com\/es\/wp-json\/wp\/v2\/types\/post"}],"author":[{"embeddable":true,"href":"https:\/\/www.europesays.com\/es\/wp-json\/wp\/v2\/users\/2"}],"replies":[{"embeddable":true,"href":"https:\/\/www.europesays.com\/es\/wp-json\/wp\/v2\/comments?post=133242"}],"version-history":[{"count":0,"href":"https:\/\/www.europesays.com\/es\/wp-json\/wp\/v2\/posts\/133242\/revisions"}],"wp:featuredmedia":[{"embeddable":true,"href":"https:\/\/www.europesays.com\/es\/wp-json\/wp\/v2\/media\/133243"}],"wp:attachment":[{"href":"https:\/\/www.europesays.com\/es\/wp-json\/wp\/v2\/media?parent=133242"}],"wp:term":[{"taxonomy":"category","embeddable":true,"href":"https:\/\/www.europesays.com\/es\/wp-json\/wp\/v2\/categories?post=133242"},{"taxonomy":"post_tag","embeddable":true,"href":"https:\/\/www.europesays.com\/es\/wp-json\/wp\/v2\/tags?post=133242"}],"curies":[{"name":"wp","href":"https:\/\/api.w.org\/{rel}","templated":true}]}}