{"id":133280,"date":"2025-09-23T06:26:15","date_gmt":"2025-09-23T06:26:15","guid":{"rendered":"https:\/\/www.europesays.com\/es\/133280\/"},"modified":"2025-09-23T06:26:15","modified_gmt":"2025-09-23T06:26:15","slug":"perlas-disueltas-en-vinagre-el-mundo","status":"publish","type":"post","link":"https:\/\/www.europesays.com\/es\/133280\/","title":{"rendered":"Perlas disueltas en vinagre &#8211; El Mundo"},"content":{"rendered":"<ol>\n<li><a href=\"https:\/\/news.google.com\/rss\/articles\/CBMie0FVX3lxTE5odmRvalIyU3F5RGRYck9iY05RX05sblJPZGhVTmJJU3ZKX241c3EwVHZvTWJPQjBnTjZoTE91WDJ0eWEtZU51cExKMHdMcHdneWZBcGwtNU1sMzNnMFNnZVVVWnhLOUxIVHVsOXdhVVN3RUhGVnhBcFJ6c9IBe0FVX3lxTE1jNkRTSG1OSTZOMXRTTFdWQWNsLXJlaTVmLS1nLWMyV0k1UEkwbExNdTJzNnFpZWRyRXFweE9hVkt6bVYxbnlfZU5tamNWd0ZjYUJua21GdmZ1bUtVTHdieXlXQzlyNWo1dzZPZjlGQWFRYWN0Q0N3U2xZWQ?oc=5\" target=\"_blank\" rel=\"nofollow noopener\">Perlas disueltas en vinagre<\/a>&nbsp;&nbsp;El Mundo<\/li>\n<li><a href=\"https:\/\/news.google.com\/rss\/articles\/CBMioAFBVV95cUxQblUyNHFNZWxIU1RNZkNwTDVtSWJ2Mkd4V2U4QVJSQmMzUVlnT29ETHBmbnpjNUpUdktyNjcybWRQekVONnVDcjhOTmk1dkQtOVRhQ3I0OGQ3UVY5WDdBTC1MRTRfUWtLSmZxMjlmOWdTMkhGUGFnTTM5VzN5X3Zla09PY3FFVVJvbU4xSElENWhwb09rZGVlTDlVS0JJbi1P?oc=5\" target=\"_blank\" rel=\"nofollow noopener\">David Cronenberg, cineasta: \u201cMi mujer muri\u00f3 y el dolor sigue ah\u00ed, no desaparecer\u00e1\u201d<\/a>&nbsp;&nbsp;La Vanguardia<\/li>\n<li><a href=\"https:\/\/news.google.com\/rss\/articles\/CBMiuAFBVV95cUxQSEZUWHNpVTFVWUdVbTdEX0FEdS14aDdSemxFVmFTU2RRTzF2eURSX2c4Q1JvSlBmSmlWcExXb2tUd3hGdTVLTF91eGJiNlF3Q0FIQjRKOGx3WVp6RGdENF9GSDVrbVoyWFVwZ0IwWm5TaGZzYWp0cFY0aUxjakxtTUU3dE9wUzEwX0JoS0RiSWhjSXBSdEZpT3lNUHR0eU1MUjdna2JxbEd0NmVvcmNPLVU5YUl3YUtk?oc=5\" target=\"_blank\" rel=\"nofollow noopener\">David Cronenberg: \u00abTodas las religiones son una forma de evitar la realidad de la muerte\u00bb<\/a>&nbsp;&nbsp;ABC<\/li>\n<li><a href=\"https:\/\/news.google.com\/rss\/articles\/CBMifEFVX3lxTE9ZZG9wb3Y5anExWllBdVBjbXI3LWppRGxjYU1NVjZiOXhBZDZYdFplRGo5WmtSUjhiV0RCX1ZldkIzVjFXaGtsLUV4Q2hWR1YwY1oyME1BU3BKQUsyQXRQMTVRbGxGSThuOEYyZ0J3WUttQXQtbDhwaDdVR1U?oc=5\" target=\"_blank\" rel=\"nofollow noopener\">Se ha estrenado en streaming Los Sudarios, un thriller tecnol\u00f3gico creado por David Cronenberg<\/a>&nbsp;&nbsp;AVPasi\u00f3n<\/li>\n<li><a href=\"https:\/\/news.google.com\/rss\/articles\/CBMibEFVX3lxTE5VLUZrcHVsd2tHTWhuaHpjVW1TTUdNSkZpejUzUnBLbE81OVNoSU9VbDBBeVJnc01ZNUVYT09WTmZmLXNuQU04WW1EanpqM1RLbUZIN1hrbFNEMlN5eVZaVzRIeDc3Z19MSkZuYg?oc=5\" target=\"_blank\" rel=\"nofollow noopener\">&#8216;Todo bien en la oscuridad&#8217;: Filmin celebra el estreno de &#8216;Los Sudarios&#8217; con un especial sobre David Cronenberg<\/a>&nbsp;&nbsp;dod Magazine<\/li>\n<\/ol>\n","protected":false},"excerpt":{"rendered":"Perlas disueltas en vinagre&nbsp;&nbsp;El Mundo David Cronenberg, cineasta: \u201cMi mujer muri\u00f3 y el dolor sigue ah\u00ed, no desaparecer\u00e1\u201d&nbsp;&nbsp;La&hellip;\n","protected":false},"author":2,"featured_media":133281,"comment_status":"","ping_status":"","sticky":false,"template":"","format":"standard","meta":{"footnotes":""},"categories":[169],"tags":[177,209,146,147,25,24,176,175,23],"class_list":{"0":"post-133280","1":"post","2":"type-post","3":"status-publish","4":"format-standard","5":"has-post-thumbnail","7":"category-cine","8":"tag-cine","9":"tag-cultura","10":"tag-entertainment","11":"tag-entretenimiento","12":"tag-es","13":"tag-espana","14":"tag-film","15":"tag-movies","16":"tag-spain"},"share_on_mastodon":{"url":"","error":""},"_links":{"self":[{"href":"https:\/\/www.europesays.com\/es\/wp-json\/wp\/v2\/posts\/133280","targetHints":{"allow":["GET"]}}],"collection":[{"href":"https:\/\/www.europesays.com\/es\/wp-json\/wp\/v2\/posts"}],"about":[{"href":"https:\/\/www.europesays.com\/es\/wp-json\/wp\/v2\/types\/post"}],"author":[{"embeddable":true,"href":"https:\/\/www.europesays.com\/es\/wp-json\/wp\/v2\/users\/2"}],"replies":[{"embeddable":true,"href":"https:\/\/www.europesays.com\/es\/wp-json\/wp\/v2\/comments?post=133280"}],"version-history":[{"count":0,"href":"https:\/\/www.europesays.com\/es\/wp-json\/wp\/v2\/posts\/133280\/revisions"}],"wp:featuredmedia":[{"embeddable":true,"href":"https:\/\/www.europesays.com\/es\/wp-json\/wp\/v2\/media\/133281"}],"wp:attachment":[{"href":"https:\/\/www.europesays.com\/es\/wp-json\/wp\/v2\/media?parent=133280"}],"wp:term":[{"taxonomy":"category","embeddable":true,"href":"https:\/\/www.europesays.com\/es\/wp-json\/wp\/v2\/categories?post=133280"},{"taxonomy":"post_tag","embeddable":true,"href":"https:\/\/www.europesays.com\/es\/wp-json\/wp\/v2\/tags?post=133280"}],"curies":[{"name":"wp","href":"https:\/\/api.w.org\/{rel}","templated":true}]}}