{"id":133295,"date":"2025-09-23T06:40:22","date_gmt":"2025-09-23T06:40:22","guid":{"rendered":"https:\/\/www.europesays.com\/es\/133295\/"},"modified":"2025-09-23T06:40:22","modified_gmt":"2025-09-23T06:40:22","slug":"el-torero-aragones-aaron-palacio-sigue-de-dulce-y-triunfa-en-logrono","status":"publish","type":"post","link":"https:\/\/www.europesays.com\/es\/133295\/","title":{"rendered":"El torero aragon\u00e9s Aar\u00f3n Palacio sigue de dulce y triunfa en Logro\u00f1o"},"content":{"rendered":"<p class=\"paragraph\"><b>El torero aragon\u00e9s <a href=\"https:\/\/www.heraldo.es\/multimedia\/videos\/ocio-y-cultura\/el-zaragozano-aaron-palacio-abre-la-puerta-grande-en-su-alternativa-en-nimes\/\" title=\"El zaragozano Aar\u00f3n Palacio abre la puerta grande en su alternativa en Nimes\" rel=\"nofollow noopener\" target=\"_blank\">Aar\u00f3n Palacio<\/a> ha abierto la puerta grande de la plaza de La Ribera en Logro\u00f1o,<\/b> en la primera de la feria de San Mateo, con lo que sigue de dulce, ya que llegaba a La Rioja tras tomar la alternativa en Nimes, hace menos de un d\u00eda, y en la plaza francesa tambi\u00e9n sali\u00f3 a hombros.<\/p>\n<p class=\"paragraph\">Palacio dej\u00f3 los mejores pasajes de una tarde marcada por el comportamiento desigual de los astados de Fuente Ymbro, de los que a \u00e9l tambi\u00e9n le correspondi\u00f3 el mejor lote, y <b>aprovech\u00f3 para cortar dos orejas al mejor toro de la jornada.<\/b><\/p>\n<p class=\"paragraph\"><b>Abri\u00f3 plaza el mexicano Diego San Rom\u00e1n, que tambi\u00e9n cort\u00f3 dos orejas,<\/b> pero en toros diferentes, con lo que no abri\u00f3 puerta grande.<\/p>\n<p class=\"paragraph\">Empez\u00f3 con un vistoso saludo con el capote, pero ya entonces comprendi\u00f3 la falta de condici\u00f3n del astado; puso mucha voluntad, hizo quites de m\u00e9rito y manej\u00f3 bien los terrenos sin dejar que el toro se fuera a chiqueros; cuaj\u00f3 pases limpios por el pit\u00f3n derecho, con tiempo entre series, pero apenas lo intent\u00f3 por el izquierdo por la poca calidad de \u00abAmarcado\u00bb; <b>termin\u00f3 con una estocada eficaz que le sirvi\u00f3 para lograr oreja.<\/b><\/p>\n<p class=\"paragraph\">Sum\u00f3 otro trofeo en el cuarto, un toro repetidor y lleno de codicia, ante el que no hizo nada destacable en el primer tercio y e<b>n el segundo vio como uno de sus subalternos era volteado;<\/b> hizo una faena muy de verdad a un animal del que hab\u00eda que tirar, con pasajes largos en redondo mezclados con circulares invertidos muy del gusto del p\u00fablico.<\/p>\n<p class=\"paragraph\">Para ser m\u00e1s galerista el mexicano se meti\u00f3 entre pitones e incluso ech\u00f3 rodilla en tierra para calentar el ambiente; mat\u00f3 con una estocada de efecto r\u00e1pido y tuvo el premio de la segunda oreja.<\/p>\n<p>El debut de Fabio Jim\u00e9nez<\/p>\n<p class=\"paragraph\">El riojano Fabio Jim\u00e9nez debut\u00f3 en Logro\u00f1o <b>con un toro aplaudido de salida,<\/b> astifino, de presencia exagerada ante el que no hizo nada destacable en el capote y tras un tercio de banderillas desafortunado prob\u00f3 por el derecho pero no termin\u00f3 de llegar a la grada, salvo con un par de naturales.<\/p>\n<p class=\"paragraph\"><b>Acab\u00f3 en silencio despu\u00e9s de varios pinchazos y media estocada.<\/b><\/p>\n<p class=\"paragraph\">No tuvo mucha suerte con el quinto de la tarde, aquerenciado y soso, tanto que se fue a chiqueros desde el primer momento; el torero del Alfaro intent\u00f3 sacarle de all\u00ed pero no logr\u00f3 corregir el defecto de \u00abIluminado\u00bb, que mostr\u00f3 una envestida muy sosa, ante la que Jim\u00e9nez no pudo entusiasmar y termin\u00f3 sin suerte con los aceros ante la indiferencia de la grada.<\/p>\n<p>Aar\u00f3n y el apoyo del p\u00fablico<\/p>\n<p class=\"paragraph\">Aar\u00f3n Palacio s\u00ed se encontr\u00f3 en su primero a un toro de buena condici\u00f3n con codicia y fijeza, al que salud\u00f3 en largo por ver\u00f3nicas rubricadas con dos medias de lujo; <b>el tendido estuvo con \u00e9l en todo momento<\/b> y aplaudi\u00f3 incluso un toreo algo alborotado y el\u00e9ctrico, en el que se notaba su biso\u00f1ez.<\/p>\n<p class=\"paragraph\">Al matar, tras enterrar una media estocada fue arrollado por el final y acab\u00f3 de poner m\u00e1s al p\u00fablico de su parte,<b> a pesar de que el toro hubiese merecido una faena de m\u00e1s poso.<\/b><\/p>\n<p class=\"paragraph\"><b>El que cerraba plaza fue un toro con clase, <\/b>con el que el aragon\u00e9s conect\u00f3 a lo grande; empez\u00f3 con dos largas cambiadas y un farol, tras hincarse de hinojos para veroniquear con gusto en el inicio.<\/p>\n<p class=\"paragraph\"><b>Hizo una faena corta, <\/b>alternando los dos pitones, con lo m\u00e1s intenso de la tarde por el izquierdo, con lo que insisti\u00f3 para abrochar un trasteo importante; acab\u00f3 con una estocada que parec\u00eda eficaz y no lo fue, <b>pero pese a ello la grada le premi\u00f3 con las dos orejas<\/b><\/p>\n<p class=\"paragraph\"><b>FICHA: <\/b>Plaza de toros de La Ribera de Logro\u00f1o, en la primera de la Feria de San Mateo, con un cuarto de entrada.<\/p>\n<p class=\"paragraph\">Se lidiaron seis toros de Fuente Ymbro, desiguales de presencia. Sin ninguna condici\u00f3n el primero, astifino el segundo, con fijeza el tercero y con fijeza el cuarto, soso el quinto y con mucha clase el \u00faltimo.<\/p>\n<p class=\"paragraph\"><b>Diego San Rom\u00e1n:<\/b>\u00a0oreja y oreja.<\/p>\n<p class=\"paragraph\"><b>Fabio Jim\u00e9nez: <\/b>Silencio y silencio tras aviso.<\/p>\n<p class=\"paragraph\"><b>Aar\u00f3n Palacio: <\/b>oreja y dos orejas.<\/p>\n","protected":false},"excerpt":{"rendered":"El torero aragon\u00e9s Aar\u00f3n Palacio ha abierto la puerta grande de la plaza de La Ribera en Logro\u00f1o,&hellip;\n","protected":false},"author":2,"featured_media":133296,"comment_status":"","ping_status":"","sticky":false,"template":"","format":"standard","meta":{"footnotes":""},"categories":[277],"tags":[19176,373,168,25,24,23,167,374],"class_list":{"0":"post-133295","1":"post","2":"type-post","3":"status-publish","4":"format-standard","5":"has-post-thumbnail","7":"category-toreo","8":"tag-aaron-palacio","9":"tag-bullfighting","10":"tag-deportes","11":"tag-es","12":"tag-espana","13":"tag-spain","14":"tag-sports","15":"tag-toreo"},"share_on_mastodon":{"url":"","error":""},"_links":{"self":[{"href":"https:\/\/www.europesays.com\/es\/wp-json\/wp\/v2\/posts\/133295","targetHints":{"allow":["GET"]}}],"collection":[{"href":"https:\/\/www.europesays.com\/es\/wp-json\/wp\/v2\/posts"}],"about":[{"href":"https:\/\/www.europesays.com\/es\/wp-json\/wp\/v2\/types\/post"}],"author":[{"embeddable":true,"href":"https:\/\/www.europesays.com\/es\/wp-json\/wp\/v2\/users\/2"}],"replies":[{"embeddable":true,"href":"https:\/\/www.europesays.com\/es\/wp-json\/wp\/v2\/comments?post=133295"}],"version-history":[{"count":0,"href":"https:\/\/www.europesays.com\/es\/wp-json\/wp\/v2\/posts\/133295\/revisions"}],"wp:featuredmedia":[{"embeddable":true,"href":"https:\/\/www.europesays.com\/es\/wp-json\/wp\/v2\/media\/133296"}],"wp:attachment":[{"href":"https:\/\/www.europesays.com\/es\/wp-json\/wp\/v2\/media?parent=133295"}],"wp:term":[{"taxonomy":"category","embeddable":true,"href":"https:\/\/www.europesays.com\/es\/wp-json\/wp\/v2\/categories?post=133295"},{"taxonomy":"post_tag","embeddable":true,"href":"https:\/\/www.europesays.com\/es\/wp-json\/wp\/v2\/tags?post=133295"}],"curies":[{"name":"wp","href":"https:\/\/api.w.org\/{rel}","templated":true}]}}