{"id":133332,"date":"2025-09-23T07:16:11","date_gmt":"2025-09-23T07:16:11","guid":{"rendered":"https:\/\/www.europesays.com\/es\/133332\/"},"modified":"2025-09-23T07:16:11","modified_gmt":"2025-09-23T07:16:11","slug":"ramon-arcusa-recibe-entre-lagrimas-la-medalla-de-cultura-arropado-por-la-familia-de-manolo-de-la-calva-europa-press","status":"publish","type":"post","link":"https:\/\/www.europesays.com\/es\/133332\/","title":{"rendered":"Ram\u00f3n Arcusa recibe entre l\u00e1grimas la Medalla de Cultura, arropado por la familia de Manolo de la Calva &#8211; Europa Press"},"content":{"rendered":"<ol>\n<li><a href=\"https:\/\/news.google.com\/rss\/articles\/CBMi2gFBVV95cUxPY3pNeEVnQmVLX3IxQWdCUmd6ZmphQWZTZEtiNFZPU05UaG44SWVvREZsTzVGd2trMEtxSGQzNzVTQlZoc0FoVVBDTWpLV0pkVkdBX2RXOWZMZjJxZDFEb01VWlgwazJGdERqNE1LOHlteXdlNTV4OU1QeDlPMjZ5QjYxMHh5dm1famRCRENfQ1pzWjhDRHVhTmZZZ0oweW1qY3lYdXRyM0tkVFJHa0dwRnBZaTdWTF8wS1RwSldVSjdRVnl5TjQwRWllcXVGZVNHbDFmUnJzbHdKZw?oc=5\" target=\"_blank\" rel=\"nofollow noopener\">Ram\u00f3n Arcusa recibe entre l\u00e1grimas la Medalla de Cultura, arropado por la familia de Manolo de la Calva<\/a>&nbsp;&nbsp;Europa Press<\/li>\n<li><a href=\"https:\/\/news.google.com\/rss\/articles\/CBMiygFBVV95cUxONHpCZWhrY0o4ampaTmVtemlVOEtvRGN4NWxWZ28zeGlybHFwUXVySEhXZTZLU3ZYTm13M21MY3VpaTk4bnVvUkt0YVJSd3RMcjd5T1l5R1ZQcGNyaDhmdXNKN1I3djl3ZUE0RjZ6ZVgyd0FmeU0xaDA4V3dxdmZLLURYLXhHUnA0Uzd4T1ZNOVE0TEVZVFNuLWVxLW03WHZzVVozVGRLOUJzWHlVcDdIVkQxQ0JHbld4Z3QzUUc0NDA5bWJpOHpYSERB0gHeAUFVX3lxTE5BVEtfYjJHTWEtUUVOLWFJSHJZMzNxbEgtVFozUE5RWFphdUhWY0JxQ0lhV0JfREt6THZWbmpTbnpkaThXOTlPWDBSUnpqdFFHejVZa3NfQ1hfOFFLS1NjZV9tbkN3dHFUMlBCQUh5bEtTVlZzUklZRHY1MUJrQmEzRE5VOUJaYzljdUpGdm1abmFXSXlnRW50UzVzcW5Qa3JWcTdXOEY1bFp0ZnBuTHdsQ3lvdjIxREVDVGozVWl0Ulc1NlE1U0FTWnNWd3hFS084dm1IY0Y1ckxCWFJtUQ?oc=5\" target=\"_blank\" rel=\"nofollow noopener\">Ram\u00f3n Arcusa, del &#8216;D\u00fao Din\u00e1mico&#8217;, cuenta lo que le dijo el ministro de Cultura en la capilla ardiente de Manolo de la Calva<\/a>&nbsp;&nbsp;El HuffPost<\/li>\n<li><a href=\"https:\/\/news.google.com\/rss\/articles\/CBMitgFBVV95cUxPblFKbkx6NGxNeDgzOHV3TllWVVc2Yy1mZUFfRDd4Z0Z3R08zU0VzV3U3M2dtNzVkMHkwUmc2aW13d1FxLXdCRTRHbVNTYkRub1F2OFMweU9tMDNVQ0VYUG5ZV3huejBoZllXY3Jqc2hHa1UwYmN0S3RKUTNONFUzV0lNZlhvVzJXb3ZGRGNJQ2VIamJTRWhsTzNITFVwR2l2RVh2VVJwQkRseWh5X09sVjNJZ29nd9IBuwFBVV95cUxOR2x3X3RzcVVweU9UYmFkY1VMMmd6a1otZDFWT1RtenlhejNmMmU3cU1KVS1Xb1M3QldNZnVSYkFEbGNMT096a2M2c0FqS3E0aEFXczMtZGhkVmoxTHExaldBaWdEOHd4OUxvRVh5X05ubWZXelV0ZTNJVlJKTFFQRms4d0pNNUpwdVFDcTVhZkdpcmZCNlIxcVhBbnAtOWhjOU1EcG5hazl0YndoUjFpVEcwazRIT1p3Slow?oc=5\" target=\"_blank\" rel=\"nofollow noopener\">Las l\u00e1grimas de emoci\u00f3n de Ram\u00f3n Arcusa, el D\u00fao Din\u00e1mico, al recordar a su compa\u00f1ero Manuel de la Calva: \u00abOjal\u00e1 estuvieras aqu\u00ed\u00bb<\/a>&nbsp;&nbsp;Diario de Mallorca<\/li>\n<li><a href=\"https:\/\/news.google.com\/rss\/articles\/CBMigwFBVV95cUxNRy1rU1NFcjg1LUc3d0N5VGNucUp2R3Fxc0FmMkF5X1MtdmxpbFNtaUVvRTUzdnVPMUdQZzJhdXRUdHdFS2RCUXNWS0g0VlNnZ2lkeHRXaE15UHl4V2NBN2MwT0NIYzU5NTRuUXNwZmxENEM5WXgyQjdMM3ZqQ213eEpVb9IBgwFBVV95cUxNZElac3NLTnF6dGNFWUsxNVhvYm82NFRQTDQ2Y00tOWVPZ0M1Mk4yQV9Eb1c0eXhWdkZQYzJ4OXBOcWJYNXlSd2JTM2ZpZEYtLXN0UGYwQm5Tdk9jTHlBelZBRXo3QWZkNGY3N2FGenpzZ1BfcnRldWJHSnhsVThPbWFPcw?oc=5\" target=\"_blank\" rel=\"nofollow noopener\">Ram\u00f3n Arcusa: \u00abTan solo discut\u00ed una vez con Manolo como D\u00fao Din\u00e1mico y fue por una chica\u00bb<\/a>&nbsp;&nbsp;El Mundo<\/li>\n<li><a href=\"https:\/\/news.google.com\/rss\/articles\/CBMiiAFBVV95cUxOenc1bmJVemZFcTVESEJ4RXZRSDd0UTNmMG5ldGJkOTZSTThLU2s4X0pBVldVaGpwTUZmQ2pNMHNyUS1DNlhEcHlvNWhfVU1lZ2Y0a1ZmZXE2NVhBazg5RU5GQ1c5OG9Rc2owc0ZrZVNOc0FHcWVhQWhfUTRCbW1SQkI1SUd2YnVV?oc=5\" target=\"_blank\" rel=\"nofollow noopener\">El D\u00fao Din\u00e1mico discuti\u00f3 solo una vez en d\u00e9cadas y fue por una mujer<\/a>&nbsp;&nbsp;HOLA<\/li>\n<\/ol>\n","protected":false},"excerpt":{"rendered":"Ram\u00f3n Arcusa recibe entre l\u00e1grimas la Medalla de Cultura, arropado por la familia de Manolo de la Calva&nbsp;&nbsp;Europa&hellip;\n","protected":false},"author":2,"featured_media":132646,"comment_status":"","ping_status":"","sticky":false,"template":"","format":"standard","meta":{"footnotes":""},"categories":[174],"tags":[255,146,147,25,24,256,23],"class_list":{"0":"post-133332","1":"post","2":"type-post","3":"status-publish","4":"format-standard","5":"has-post-thumbnail","7":"category-famosos","8":"tag-celebrities","9":"tag-entertainment","10":"tag-entretenimiento","11":"tag-es","12":"tag-espana","13":"tag-famosos","14":"tag-spain"},"share_on_mastodon":{"url":"","error":""},"_links":{"self":[{"href":"https:\/\/www.europesays.com\/es\/wp-json\/wp\/v2\/posts\/133332","targetHints":{"allow":["GET"]}}],"collection":[{"href":"https:\/\/www.europesays.com\/es\/wp-json\/wp\/v2\/posts"}],"about":[{"href":"https:\/\/www.europesays.com\/es\/wp-json\/wp\/v2\/types\/post"}],"author":[{"embeddable":true,"href":"https:\/\/www.europesays.com\/es\/wp-json\/wp\/v2\/users\/2"}],"replies":[{"embeddable":true,"href":"https:\/\/www.europesays.com\/es\/wp-json\/wp\/v2\/comments?post=133332"}],"version-history":[{"count":0,"href":"https:\/\/www.europesays.com\/es\/wp-json\/wp\/v2\/posts\/133332\/revisions"}],"wp:featuredmedia":[{"embeddable":true,"href":"https:\/\/www.europesays.com\/es\/wp-json\/wp\/v2\/media\/132646"}],"wp:attachment":[{"href":"https:\/\/www.europesays.com\/es\/wp-json\/wp\/v2\/media?parent=133332"}],"wp:term":[{"taxonomy":"category","embeddable":true,"href":"https:\/\/www.europesays.com\/es\/wp-json\/wp\/v2\/categories?post=133332"},{"taxonomy":"post_tag","embeddable":true,"href":"https:\/\/www.europesays.com\/es\/wp-json\/wp\/v2\/tags?post=133332"}],"curies":[{"name":"wp","href":"https:\/\/api.w.org\/{rel}","templated":true}]}}