{"id":133348,"date":"2025-09-23T07:28:07","date_gmt":"2025-09-23T07:28:07","guid":{"rendered":"https:\/\/www.europesays.com\/es\/133348\/"},"modified":"2025-09-23T07:28:07","modified_gmt":"2025-09-23T07:28:07","slug":"feijoo-tiende-puentes-con-espinosa-de-los-monteros-para-ensanchar-al-pp-incomoda-a-abascal","status":"publish","type":"post","link":"https:\/\/www.europesays.com\/es\/133348\/","title":{"rendered":"Feij\u00f3o tiende puentes con Espinosa de los Monteros para \u00abensanchar\u00bb al PP: \u00abIncomoda a Abascal\u00bb"},"content":{"rendered":"\n<p> Hace mucho tiempo que el equipo de <strong>Alberto N\u00fa\u00f1ez Feij\u00f3o<\/strong> puso la vista en el potencial intelectual \u2014y pol\u00edtico\u2014 de <strong>Iv\u00e1n Espinosa de los Monteros<\/strong>. Su nombre plane\u00f3 en algunos c\u00edrculos del Partido Popular como posible fichaje en el medio plazo tras <a href=\"https:\/\/www.elconfidencial.com\/espana\/2023-08-08\/espinosa-de-los-monteros-deja-vox-abascal_3715161\/\" target=\"_blank\" rel=\"nofollow noopener\">abandonar de manera abrupta la direcci\u00f3n de Vox<\/a> en agosto de 2023. Desde entonces hubo una \u00abrelaci\u00f3n fluida\u00bb con cargos de la c\u00fapula nacional que <strong>se ha mantenido hasta la actualidad<\/strong> pero, pese al inter\u00e9s que su perfil despierta en importantes cuadros populares, su eventual incorporaci\u00f3n nunca lleg\u00f3 a fraguarse. <\/p>\n<p> Hoy por hoy ese escenario contin\u00faa inm\u00f3vil, pero G\u00e9nova quiere <strong>visibilizar su \u00abadhesi\u00f3n\u00bb ideol\u00f3gica<\/strong> al que durante muchos a\u00f1os fue la mano derecha de Santiago Abascal, sin perder de vista unas encuestas que apuntalan una may\u00fascula <a href=\"https:\/\/www.elconfidencial.com\/espana\/2025-02-04\/pp-exprime-crisis-vox-ataqu-auge-electoral-abascal_4056715\/\" target=\"_blank\" rel=\"nofollow noopener\">hemorragia de papeletas hacia Vox<\/a>. \u00abPodemos abarcar un gran espacio en la derecha. Perfiles como el de Iv\u00e1n pueden entrar <a href=\"https:\/\/www.elconfidencial.com\/espana\/2025-09-02\/deberes-feijoo-pp-mano-dura-sanchez-ascenso-vox_4200318\/\" target=\"_blank\" rel=\"nofollow noopener\">dentro de nuestro espectro pol\u00edtico<\/a>. Nuestras ideas no son tan distintas\u00bb, apunta un asesor de confianza del l\u00edder nacional. \u00abFeij\u00f3o quiere ensanchar al PP, que su proyecto no se entienda como un proyecto de partido, sino <strong>como un proyecto de pa\u00eds<\/strong>\u00ab, reflexiona. <\/p>\n<p> G\u00e9nova aprovech\u00f3<a href=\"https:\/\/www.elconfidencial.com\/espana\/2025-09-22\/genova-respalda-a-ivan-espinosa-de-los-monteros-en-el-estreno-de-su-think-tank_4213749\/\" target=\"_blank\" rel=\"nofollow noopener\"> el lanzamiento de &#8216;Atenea&#8217;, el think tank de Espinosa de los Monteros<\/a>, para evidenciar la sinton\u00eda de Feij\u00f3o con una fundaci\u00f3n que, por ahora, se quedar\u00e1 al margen del ecosistema partidista para dar desde fuera la \u00abbatalla cultural\u00bb. El PP quiso hacer p\u00fablico este lunes que el n\u00famero dos del partido, <strong>Miguel Tellado<\/strong>, acudir\u00e1 el 25 de septiembre al acto de presentaci\u00f3n en Madrid junto con otros miembros de la direcci\u00f3n. La vicesecretaria Alma Ezcurra, puso en valor el perfil del exportavoz de Vox, y acompa\u00f1\u00f3 el anuncio con un \u00f3rdago dirigido al partido situado a su derecha: <strong>\u00abVox se le qued\u00f3 peque\u00f1o a Iv\u00e1n Espinosa de los Monteros\u00bb.<\/strong> <\/p>\n<p> No es la primera vez que cargos populares<a href=\"https:\/\/www.elconfidencial.com\/espana\/2025-05-17\/espinosa-monteros-feijoo-abascal-draghi-trump_4130772\/\" target=\"_blank\" rel=\"nofollow noopener\"> arropan al expol\u00edtico<\/a> en coloquios similares \u2014se ha dejado ver en varias ocasiones el responsable de Hacienda, <strong>Juan Bravo<\/strong>, o la portavoz adjunta en el Congreso, <strong>Cayetana \u00c1lvarez de Toledo<\/strong>\u2014. La diferencia es que normalmente G\u00e9nova no informa de la agenda de sus dirigentes para este tipo de eventos. Pero esta vez fue distinto. <\/p>\n<p>              <img decoding=\"async\" class=\"inTextNews__img\" alt=\"Foto: espinosa-monteros-feijoo-abascal-draghi-trump\" src=\"https:\/\/www.europesays.com\/es\/wp-content\/uploads\/2025\/09\/f.elconfidencial.com\/original\/cac\/244\/2e3\/cac2442e3019ac461a295dbece6d0a6c.jpg\"  \/>     <\/p>\n<p>TE PUEDE INTERESAR<\/p>\n<p>      <a class=\"inTextNews__title\" href=\"https:\/\/www.elconfidencial.com\/espana\/2025-05-17\/espinosa-monteros-feijoo-abascal-draghi-trump_4130772\/\" onclick=\"window.ECCO.emit(&#039;amplitude&#039;, { dataEventName: &#039;click_related_article_module&#039;, data: { related_article_url: &#039;https:\/\/www.elconfidencial.com\/espana\/2025-05-17\/espinosa-monteros-feijoo-abascal-draghi-trump_4130772\/&#039;, related_article_author: &#039;Esteban Hern\u00e1ndez&#039;, related_article_section: &#039;espana&#039; } })\" rel=\"nofollow noopener\" target=\"_blank\"> Hacia d\u00f3nde van las derechas: el papel de Espinosa de los Monteros <\/a>   <\/p>\n<p>    Esteban Hern\u00e1ndez   <\/p>\n<p> \u00bfPor qu\u00e9? Seg\u00fan comparten distintas fuentes del partido, el objetivo pasa por identificar al PP y a Feij\u00f3o con parte de un proyecto ideol\u00f3gico liderado por alguien que \u00absigue teniendo mucho respaldo\u00bb en los sectores m\u00e1s moderados de Vox \u2014a los que Feij\u00f3o tambi\u00e9n aspira a convencer\u2014 al tiempo que dan altavoz a una plataforma que, aseguran algunas voces, <strong>\u00abincomoda a Santiago Abascal\u00bb. <\/strong>Tras su salida del partido en 2023, Iv\u00e1n <a href=\"https:\/\/www.elconfidencial.com\/espana\/2023-08-09\/adios-espinosa-monteros-alienta-rebelion-vox_3715505\/\" target=\"_blank\" rel=\"nofollow noopener\">Espinosa de los Monteros se puso \u00aba disposici\u00f3n\u00bb del presidente de Vox<\/a>, pero su relaci\u00f3n se ha enfriado por completo. <\/p>\n<p> Las discrepancias internas por la \u00abderiva\u00bb de Vox hacia posicionamientos m\u00e1s duros <a href=\"https:\/\/www.elconfidencial.com\/espana\/2025-05-14\/ivan-espinosa-monteros-entrevista-psoe-criminal_4129294\/\" target=\"_blank\" rel=\"nofollow noopener\">en detrimento del ala m\u00e1s liberal <\/a>llev\u00f3 a uno de sus grandes activos pol\u00edticos a cortar de ra\u00edz su relaci\u00f3n con Santiago Abascal. Espinosa de los Monteros ha lamentado p\u00fablicamente los \u00abataques\u00bb procedentes de algunos miembros de la actual direcci\u00f3n desde su salida, y lleg\u00f3 a deslizar en una entrevista para Vozp\u00f3puli que Bamb\u00fa<strong> le hab\u00eda abierto un expediente sancionador<\/strong>, extremo que en la direcci\u00f3n de Vox nunca llegaron a confirmar. Por ahora, no se prev\u00e9 que miembros de la actual c\u00fapula de los ultraconservadores acudan al acto del pr\u00f3ximo jueves. <\/p>\n<p>              <img decoding=\"async\" class=\"inTextNews__img\" alt=\"Foto: ivan-espinosa-monteros-entrevista-psoe-criminal\" src=\"https:\/\/www.europesays.com\/es\/wp-content\/uploads\/2025\/09\/f.elconfidencial.com\/original\/22a\/82d\/309\/22a82d3090346e017794550ae0a77927.jpg\"  \/>     <\/p>\n<p>TE PUEDE INTERESAR<\/p>\n<p>      <a class=\"inTextNews__title\" href=\"https:\/\/www.elconfidencial.com\/espana\/2025-05-14\/ivan-espinosa-monteros-entrevista-psoe-criminal_4129294\/\" onclick=\"window.ECCO.emit(&#039;amplitude&#039;, { dataEventName: &#039;click_related_article_module&#039;, data: { related_article_url: &#039;https:\/\/www.elconfidencial.com\/espana\/2025-05-14\/ivan-espinosa-monteros-entrevista-psoe-criminal_4129294\/&#039;, related_article_author: &#039;Borja Negrete,Fotograf\u00eda&#039;, related_article_section: &#039;espana&#039; } })\" rel=\"nofollow noopener\" target=\"_blank\"> Iv\u00e1n Espinosa de los Monteros: \u00abEl PSOE es criminal desde su origen, Felipe fue la excepci\u00f3n, no la norma\u00bb <\/a>   <\/p>\n<p>    Borja Negrete     Fotograf\u00eda: Alejandro Mart\u00ednez V\u00e9lez   <\/p>\n<p> \u00abIv\u00e1n representa la intelectualidad del voto ultraconservador. Mientras <strong>Vox se ha limitado al voto emocional<\/strong>, \u00e9l representa al elector inteligente\u00bb, interpreta un miembro de la direcci\u00f3n popular, que apunta a que el regreso definitivo de Espinosa de los Monteros al foco medi\u00e1tico puede <a href=\"https:\/\/www.elconfidencial.com\/espana\/2025-02-15\/vox-corta-la-interlocucion-con-genova-y-le-acusa-de-instigar-una-campana-contra-abascal_4065467\/\" target=\"_blank\" rel=\"nofollow noopener\">hacer \u00abmucho da\u00f1o\u00bb a un Vox que<\/a>, por ahora, permanece instalado en una luna de miel demosc\u00f3pica. \u00abPor mucho que Abascal haya intentado desvirtuar su figura\u00bb, alimentan otras fuentes, \u00abIv\u00e1n arrastra a mucha gente, es un gran comunicador y defiende con vehemencia los debates del futuro\u00bbhttps:\/\/www.elconfidencial.com\/espana\/2025-09-23\/feijoo-puentes-espinosa-monteros-ensanchar-pp_4213968\/.\u00bbSu talante\u00bb, insisten, \u00abencaja en lo que nosotros defendemos\u00bb. <\/p>\n<p> Pese a deshacerse en elogios hacia el expol\u00edtico madrile\u00f1o, G\u00e9nova no contempla \u2014por ahora\u2014 su eventual fichaje. El respaldo del PP a &#8216;Atenea&#8217; se encuadra en la b\u00fasqueda de \u00abaportaciones externas\u00bb de la sociedad civil al proyecto de un Feij\u00f3o cuyo <a href=\"https:\/\/blogs.elconfidencial.com\/espana\/una-cierta-mirada\/2025-07-09\/pp-congreso-feijoo-elecciones-1hms_4168809\/\" target=\"_blank\" rel=\"nofollow noopener\">objetivo es alcanzar las 10 millones de papeletas<\/a> la pr\u00f3xima vez que se abran las urnas, con la vista puesta a babor y a estribor. \u00abPor el momento<strong> a ninguna de las dos partes le interesa<\/strong>\u00ab, apuntan. <\/p>\n<p> Seg\u00fan ha especificado el exportavoz de Vox, el nacimiento de Atenea tiene como objetivo crear un espacio de \u00abdebate\u00bb e \u00abideas\u00bb desde un punto de vista liberal y conservador que devuelva a la ciudadan\u00eda la \u00abilusi\u00f3n\u00bb cuando el sanchismo llegue a su fin, con el despliegue de una agenda reformista que <a href=\"https:\/\/www.elconfidencial.com\/espana\/2025-09-22\/ferraz-recuperacion-electoral-sanchez-competicion_4212849\/\" target=\"_blank\" rel=\"nofollow noopener\">pondr\u00e1 a disposici\u00f3n de las dos grandes fuerzas de la derecha<\/a>, PP y Vox. Espinosa de los Monteros siempre ha defendido la necesidad de que <strong>Feij\u00f3o y Abascal aparquen sus diferencias<\/strong>, unan fuerzas y se centren no s\u00f3lo en la oposici\u00f3n frontal contra el Gobierno, sino tambi\u00e9n en la parte propositiva, en la \u00abalternativa\u00bb, mantra con el que G\u00e9nova comulga por completo. <\/p>\n<p> Hace mucho tiempo que el equipo de <strong>Alberto N\u00fa\u00f1ez Feij\u00f3o<\/strong> puso la vista en el potencial intelectual \u2014y pol\u00edtico\u2014 de <strong>Iv\u00e1n Espinosa de los Monteros<\/strong>. Su nombre plane\u00f3 en algunos c\u00edrculos del Partido Popular como posible fichaje en el medio plazo tras <a href=\"https:\/\/www.elconfidencial.com\/espana\/2023-08-08\/espinosa-de-los-monteros-deja-vox-abascal_3715161\/\" target=\"_blank\" rel=\"nofollow noopener\">abandonar de manera abrupta la direcci\u00f3n de Vox<\/a> en agosto de 2023. Desde entonces hubo una \u00abrelaci\u00f3n fluida\u00bb con cargos de la c\u00fapula nacional que <strong>se ha mantenido hasta la actualidad<\/strong> pero, pese al inter\u00e9s que su perfil despierta en importantes cuadros populares, su eventual incorporaci\u00f3n nunca lleg\u00f3 a fraguarse. <\/p>\n","protected":false},"excerpt":{"rendered":"Hace mucho tiempo que el equipo de Alberto N\u00fa\u00f1ez Feij\u00f3o puso la vista en el potencial intelectual \u2014y&hellip;\n","protected":false},"author":2,"featured_media":133349,"comment_status":"","ping_status":"","sticky":false,"template":"","format":"standard","meta":{"footnotes":""},"categories":[8],"tags":[17,18,25,24,13,14,11,19,20,9,10,15,16,23,12,21,22],"class_list":{"0":"post-133348","1":"post","2":"type-post","3":"status-publish","4":"format-standard","5":"has-post-thumbnail","7":"category-espana","8":"tag-breaking-news","9":"tag-breakingnews","10":"tag-es","11":"tag-espana","12":"tag-featured-news","13":"tag-featurednews","14":"tag-headlines","15":"tag-latest-news","16":"tag-latestnews","17":"tag-news","18":"tag-noticias","19":"tag-noticias-destacadas","20":"tag-noticiasdestacadas","21":"tag-spain","22":"tag-titulares","23":"tag-ultimas-noticias","24":"tag-ultimasnoticias"},"share_on_mastodon":{"url":"","error":""},"_links":{"self":[{"href":"https:\/\/www.europesays.com\/es\/wp-json\/wp\/v2\/posts\/133348","targetHints":{"allow":["GET"]}}],"collection":[{"href":"https:\/\/www.europesays.com\/es\/wp-json\/wp\/v2\/posts"}],"about":[{"href":"https:\/\/www.europesays.com\/es\/wp-json\/wp\/v2\/types\/post"}],"author":[{"embeddable":true,"href":"https:\/\/www.europesays.com\/es\/wp-json\/wp\/v2\/users\/2"}],"replies":[{"embeddable":true,"href":"https:\/\/www.europesays.com\/es\/wp-json\/wp\/v2\/comments?post=133348"}],"version-history":[{"count":0,"href":"https:\/\/www.europesays.com\/es\/wp-json\/wp\/v2\/posts\/133348\/revisions"}],"wp:featuredmedia":[{"embeddable":true,"href":"https:\/\/www.europesays.com\/es\/wp-json\/wp\/v2\/media\/133349"}],"wp:attachment":[{"href":"https:\/\/www.europesays.com\/es\/wp-json\/wp\/v2\/media?parent=133348"}],"wp:term":[{"taxonomy":"category","embeddable":true,"href":"https:\/\/www.europesays.com\/es\/wp-json\/wp\/v2\/categories?post=133348"},{"taxonomy":"post_tag","embeddable":true,"href":"https:\/\/www.europesays.com\/es\/wp-json\/wp\/v2\/tags?post=133348"}],"curies":[{"name":"wp","href":"https:\/\/api.w.org\/{rel}","templated":true}]}}