{"id":133382,"date":"2025-09-23T07:51:07","date_gmt":"2025-09-23T07:51:07","guid":{"rendered":"https:\/\/www.europesays.com\/es\/133382\/"},"modified":"2025-09-23T07:51:07","modified_gmt":"2025-09-23T07:51:07","slug":"el-gobierno-aprobara-este-martes-el-decreto-que-consolida-el-embargo-de-armas-a-israel","status":"publish","type":"post","link":"https:\/\/www.europesays.com\/es\/133382\/","title":{"rendered":"El Gobierno aprobar\u00e1 este martes el decreto que consolida el embargo de armas a Israel"},"content":{"rendered":"<p>El Consejo de Ministros aprobar\u00e1 este martes<strong> el decreto-ley que consolidar\u00e1 jur\u00eddicamente el embargo de armas a Israel<\/strong>, que anunci\u00f3 el presidente del Gobierno, Pedro S\u00e1nchez, hace dos semanas dentro de un paquete con nueve medidas <strong>para \u00abdetener el genocidio en Gaza\u00bb.<\/strong><\/p>\n<p>Esta era la \u00fanica medida de las nueve que quedaba por aprobar, puesto que las otras ya las aprob\u00f3 el Ejecutivo en su reuni\u00f3n del pasado 9 de septiembre. <strong>La del embargo de armas hab\u00eda quedado pendiente por su complejidad<\/strong>, seg\u00fan explic\u00f3 la portavoz del Ejecutivo, Pilar Alegr\u00eda, ya que hab\u00eda varios ministerios implicados y hab\u00eda que adecuar el contenido a la legislaci\u00f3n europea.<\/p>\n<p>Desde entonces, <a href=\"https:\/\/www.rtve.es\/noticias\/20250916\/eurovision-israel-retirada-reacciones-grupos\/16730920.shtml\" target=\"_blank\" rel=\"nofollow noopener\">los socios de coalici\u00f3n y parlamentarios han venido presionando al ala socialista del Gobierno<\/a> para que se aprobara cuanto antes el embargo. Los ministros socialistas salieron al paso de las presiones asegurando que la aprobaci\u00f3n del decreto era \u00abcuesti\u00f3n de d\u00edas\u00bb.<\/p>\n<p>No obstante, el Ejecutivo dej\u00f3 claro que el embargo de armas <strong>ya se ven\u00eda realizando desde octubre de 2023<\/strong>, aunque ahora con el decreto se quiere dar una mayor cobertura jur\u00eddica a la prohibici\u00f3n de comerciar armamento con Israel.<\/p>\n<p>Tendr\u00e1 que ser convalidado en el Congreso<\/p>\n<p>Una vez aprobado el decreto ley entrar\u00e1 en vigor, pero <strong>ha de ser convalidado por el Congreso en un plazo m\u00e1ximo de 30 d\u00edas <\/strong>desde su promulgaci\u00f3n. Aunque en las \u00faltimas semanas, el Gobierno ha perdido varias votaciones, como la de la reducci\u00f3n de la jornada laboral, en esta ocasi\u00f3n, prev\u00e9 que podr\u00e1 lograr el respaldo de la mayor\u00eda de la C\u00e1mara.<\/p>\n<p>Tambi\u00e9n es posible que una vez convalidado, el <strong>Pleno del Congreso acuerde su tramitaci\u00f3n como proyecto de ley<\/strong>, para poder introducir enmiendas en el texto.<\/p>\n<p>La reuni\u00f3n del Consejo de Ministros de este martes no ser\u00e1 presidida por Pedro S\u00e1nchez, ya que est\u00e1 en Nueva York para asistir a la Asamblea General de la ONU, en la que intervendr\u00e1 el rey Felipe VI. En su lugar, presidir\u00e1 la reuni\u00f3n la vicepresidenta primera, Mar\u00eda Jes\u00fas Montero.<\/p>\n","protected":false},"excerpt":{"rendered":"El Consejo de Ministros aprobar\u00e1 este martes el decreto-ley que consolidar\u00e1 jur\u00eddicamente el embargo de armas a Israel,&hellip;\n","protected":false},"author":2,"featured_media":133383,"comment_status":"","ping_status":"","sticky":false,"template":"","format":"standard","meta":{"footnotes":""},"categories":[8],"tags":[17,18,25,24,13,14,11,19,20,9,10,15,16,23,12,21,22],"class_list":{"0":"post-133382","1":"post","2":"type-post","3":"status-publish","4":"format-standard","5":"has-post-thumbnail","7":"category-espana","8":"tag-breaking-news","9":"tag-breakingnews","10":"tag-es","11":"tag-espana","12":"tag-featured-news","13":"tag-featurednews","14":"tag-headlines","15":"tag-latest-news","16":"tag-latestnews","17":"tag-news","18":"tag-noticias","19":"tag-noticias-destacadas","20":"tag-noticiasdestacadas","21":"tag-spain","22":"tag-titulares","23":"tag-ultimas-noticias","24":"tag-ultimasnoticias"},"share_on_mastodon":{"url":"","error":""},"_links":{"self":[{"href":"https:\/\/www.europesays.com\/es\/wp-json\/wp\/v2\/posts\/133382","targetHints":{"allow":["GET"]}}],"collection":[{"href":"https:\/\/www.europesays.com\/es\/wp-json\/wp\/v2\/posts"}],"about":[{"href":"https:\/\/www.europesays.com\/es\/wp-json\/wp\/v2\/types\/post"}],"author":[{"embeddable":true,"href":"https:\/\/www.europesays.com\/es\/wp-json\/wp\/v2\/users\/2"}],"replies":[{"embeddable":true,"href":"https:\/\/www.europesays.com\/es\/wp-json\/wp\/v2\/comments?post=133382"}],"version-history":[{"count":0,"href":"https:\/\/www.europesays.com\/es\/wp-json\/wp\/v2\/posts\/133382\/revisions"}],"wp:featuredmedia":[{"embeddable":true,"href":"https:\/\/www.europesays.com\/es\/wp-json\/wp\/v2\/media\/133383"}],"wp:attachment":[{"href":"https:\/\/www.europesays.com\/es\/wp-json\/wp\/v2\/media?parent=133382"}],"wp:term":[{"taxonomy":"category","embeddable":true,"href":"https:\/\/www.europesays.com\/es\/wp-json\/wp\/v2\/categories?post=133382"},{"taxonomy":"post_tag","embeddable":true,"href":"https:\/\/www.europesays.com\/es\/wp-json\/wp\/v2\/tags?post=133382"}],"curies":[{"name":"wp","href":"https:\/\/api.w.org\/{rel}","templated":true}]}}