{"id":133388,"date":"2025-09-23T07:55:07","date_gmt":"2025-09-23T07:55:07","guid":{"rendered":"https:\/\/www.europesays.com\/es\/133388\/"},"modified":"2025-09-23T07:55:07","modified_gmt":"2025-09-23T07:55:07","slug":"finalizara-en-el-primer-asalto-2","status":"publish","type":"post","link":"https:\/\/www.europesays.com\/es\/133388\/","title":{"rendered":"Finalizar\u00e1 en el primer asalto"},"content":{"rendered":"<p class=\"c-paragraph\">Pasan las semanas y <b><a href=\"https:\/\/www.20minutos.es\/tags\/personas\/aleksandre-topuria.html\" title=\"Aleksandre Topuria\" rel=\"nofollow noopener\" target=\"_blank\">Aleksandre Topuria<\/a> sigue adelante con su preparaci\u00f3n para volver a subirse al oct\u00f3gono en la <a href=\"https:\/\/www.20minutos.es\/tags\/deportes\/ufc.html\" title=\"UFC\" rel=\"nofollow noopener\" target=\"_blank\">UFC<\/a><\/b>. Lo har\u00e1 el 22 de noviembre ante\u00a0Bekzat Almakhan\u00a0 en Qatar en una pelea que le ayuda a preparar su hermano Ilia, quien ya da por segura su victoria.<\/p>\n<p class=\"c-paragraph\">La gran estrella fue preguntada al respecto en una de las ruedas de prensa del WOW 22 celebrado recientemente en Madrid y esta fue su respuesta: \u00abEs un combate que de cara al p\u00fablico <b>parece muy\u00a0complicado<\/b>, ya que es un rival a respetar y a tenerlo en cuenta, pero no tengo\u00a0ninguna duda\u00a0de las habilidades de mi hermano\u00bb.\u00a0<\/p>\n<p class=\"c-paragraph\">A lo que a\u00f1adi\u00f3, en su tono de confianza habitual: \u00abEstoy seguro de que<b>\u00a0finalizar\u00e1\u00a0en el primer asalto<\/b>, le veo muy preparado\u00bb, zanj\u00f3.<\/p>\n<p class=\"c-paragraph\">Tras el largo par\u00f3n comprendido entre 2015 y 2021, Aleksandre Topuria solo ha combatido en cuatro ocasiones. Eso s\u00ed, pese a no ser tan medi\u00e1tico como su hermano, <b>&#8216;Alek&#8217; no va a soltar la oportunidad que le ha dado la UFC<\/b> de entrar en la liga m\u00e1s prestigiosa a los 29 a\u00f1os.\u00a0<\/p>\n<p class=\"c-paragraph\">Seg\u00fan su hermano, este combate no ser\u00e1 como el \u00faltimo (ante Colby Thickness), en el que gan\u00f3 por decisi\u00f3n, pues <b>Ilia tiene claro de Aleksandre va a finalizar a su rival<\/b>.<\/p>\n","protected":false},"excerpt":{"rendered":"Pasan las semanas y Aleksandre Topuria sigue adelante con su preparaci\u00f3n para volver a subirse al oct\u00f3gono en&hellip;\n","protected":false},"author":2,"featured_media":133389,"comment_status":"","ping_status":"","sticky":false,"template":"","format":"standard","meta":{"footnotes":""},"categories":[276],"tags":[5933,168,25,24,1523,743,23,167,343],"class_list":{"0":"post-133388","1":"post","2":"type-post","3":"status-publish","4":"format-standard","5":"has-post-thumbnail","7":"category-ufc","8":"tag-aleksandre-topuria","9":"tag-deportes","10":"tag-es","11":"tag-espana","12":"tag-ilia-topuria","13":"tag-mma","14":"tag-spain","15":"tag-sports","16":"tag-ufc"},"share_on_mastodon":{"url":"","error":""},"_links":{"self":[{"href":"https:\/\/www.europesays.com\/es\/wp-json\/wp\/v2\/posts\/133388","targetHints":{"allow":["GET"]}}],"collection":[{"href":"https:\/\/www.europesays.com\/es\/wp-json\/wp\/v2\/posts"}],"about":[{"href":"https:\/\/www.europesays.com\/es\/wp-json\/wp\/v2\/types\/post"}],"author":[{"embeddable":true,"href":"https:\/\/www.europesays.com\/es\/wp-json\/wp\/v2\/users\/2"}],"replies":[{"embeddable":true,"href":"https:\/\/www.europesays.com\/es\/wp-json\/wp\/v2\/comments?post=133388"}],"version-history":[{"count":0,"href":"https:\/\/www.europesays.com\/es\/wp-json\/wp\/v2\/posts\/133388\/revisions"}],"wp:featuredmedia":[{"embeddable":true,"href":"https:\/\/www.europesays.com\/es\/wp-json\/wp\/v2\/media\/133389"}],"wp:attachment":[{"href":"https:\/\/www.europesays.com\/es\/wp-json\/wp\/v2\/media?parent=133388"}],"wp:term":[{"taxonomy":"category","embeddable":true,"href":"https:\/\/www.europesays.com\/es\/wp-json\/wp\/v2\/categories?post=133388"},{"taxonomy":"post_tag","embeddable":true,"href":"https:\/\/www.europesays.com\/es\/wp-json\/wp\/v2\/tags?post=133388"}],"curies":[{"name":"wp","href":"https:\/\/api.w.org\/{rel}","templated":true}]}}