{"id":133392,"date":"2025-09-23T07:58:07","date_gmt":"2025-09-23T07:58:07","guid":{"rendered":"https:\/\/www.europesays.com\/es\/133392\/"},"modified":"2025-09-23T07:58:07","modified_gmt":"2025-09-23T07:58:07","slug":"uae-supera-el-record-del-columbia-y-va-a-por-los-100-triunfos-en-una-temporada","status":"publish","type":"post","link":"https:\/\/www.europesays.com\/es\/133392\/","title":{"rendered":"UAE supera el r\u00e9cord del Columbia y va a por los 100 triunfos en una temporada"},"content":{"rendered":"<p>La victoria de Brandon McNulty en la clasificaci\u00f3n general de la Vuelta a Luxemburgo establece un nuevo r\u00e9cord a cargo de un equipo en una  &#8230; sola temporada. UAE lleva 86, una m\u00e1s que las 85 cosechadas por Columbia-HTC en 2009. Y la temporada no ha concluido a\u00fan. A nada que repitan sus habituales \u00e9xitos, los ciclistas de Gianetti y Matxin superar\u00e1n la barrera de los 90 y se aproximar\u00e1n por lo menos a las 100.<\/p>\n<p class=\"v-p\">Pogacar lidera con 16 el ranking de triunfos del UAE en una campa\u00f1a para la historia. La aportaci\u00f3n, de todas maneras, es variada. Hasta 20 corredores de la plantilla han contribuido a este registro. <\/p>\n<p class=\"v-p\">El reparto guarda pocas similitudes con el del Columbia de 2009, basado sobre todo en los velocistas de la formaci\u00f3n. Tres de sus integrantes acumularon 56 de los 86 primeros puestos: 23 Mark Cavendish, 20 Andr\u00e9 Greipel y 13 Edvald Boasson Hagen. Les segu\u00edan lejos con 4 Gregory Henderson y Michael Albasini.<\/p>\n<p class=\"v-p\">Esta vez, en cambio, entre los tres m\u00e1s laureados del UAE llevan 39. Adem\u00e1s de las 16 de Pogacar, han contabilizado 13 Isaac del Toro y 10 Joao Almeida. Por detr\u00e1s de ellos, pero a corta distancia, figura con 8 Juan Ayuso. Ninguno de ellos domina el sprint, fuente importante de \u00e9xitos en este deporte.<\/p>\n<p class=\"v-p\">En esta clasificaci\u00f3n de equipos victoriosos en una misma temporada ocupa la tercera plaza el Columbia de 2008 con 83 triunfos, la cuarta el propio UAE del a\u00f1o pasado con 81 y la quinta el Mapei-GB de 1997 con 79.<\/p>\n","protected":false},"excerpt":{"rendered":"La victoria de Brandon McNulty en la clasificaci\u00f3n general de la Vuelta a Luxemburgo establece un nuevo r\u00e9cord&hellip;\n","protected":false},"author":2,"featured_media":133393,"comment_status":"","ping_status":"","sticky":false,"template":"","format":"standard","meta":{"footnotes":""},"categories":[273],"tags":[21882,313,28579,312,168,25,24,4722,23,167,5378,1152,42038,550],"class_list":{"0":"post-133392","1":"post","2":"type-post","3":"status-publish","4":"format-standard","5":"has-post-thumbnail","7":"category-ciclismo","8":"tag-21882","9":"tag-ciclismo","10":"tag-columbia","11":"tag-cycling","12":"tag-deportes","13":"tag-es","14":"tag-espana","15":"tag-record","16":"tag-spain","17":"tag-sports","18":"tag-supera","19":"tag-temporada","20":"tag-triunfos","21":"tag-uae"},"share_on_mastodon":{"url":"","error":""},"_links":{"self":[{"href":"https:\/\/www.europesays.com\/es\/wp-json\/wp\/v2\/posts\/133392","targetHints":{"allow":["GET"]}}],"collection":[{"href":"https:\/\/www.europesays.com\/es\/wp-json\/wp\/v2\/posts"}],"about":[{"href":"https:\/\/www.europesays.com\/es\/wp-json\/wp\/v2\/types\/post"}],"author":[{"embeddable":true,"href":"https:\/\/www.europesays.com\/es\/wp-json\/wp\/v2\/users\/2"}],"replies":[{"embeddable":true,"href":"https:\/\/www.europesays.com\/es\/wp-json\/wp\/v2\/comments?post=133392"}],"version-history":[{"count":0,"href":"https:\/\/www.europesays.com\/es\/wp-json\/wp\/v2\/posts\/133392\/revisions"}],"wp:featuredmedia":[{"embeddable":true,"href":"https:\/\/www.europesays.com\/es\/wp-json\/wp\/v2\/media\/133393"}],"wp:attachment":[{"href":"https:\/\/www.europesays.com\/es\/wp-json\/wp\/v2\/media?parent=133392"}],"wp:term":[{"taxonomy":"category","embeddable":true,"href":"https:\/\/www.europesays.com\/es\/wp-json\/wp\/v2\/categories?post=133392"},{"taxonomy":"post_tag","embeddable":true,"href":"https:\/\/www.europesays.com\/es\/wp-json\/wp\/v2\/tags?post=133392"}],"curies":[{"name":"wp","href":"https:\/\/api.w.org\/{rel}","templated":true}]}}