{"id":133413,"date":"2025-09-23T08:10:10","date_gmt":"2025-09-23T08:10:10","guid":{"rendered":"https:\/\/www.europesays.com\/es\/133413\/"},"modified":"2025-09-23T08:10:10","modified_gmt":"2025-09-23T08:10:10","slug":"la-chaqueta-efecto-piel-marron-chocolate-de-59e-de-mango-que-sienta-bien-a-todas-disponible-desde-la-xxs-a-la-4xl","status":"publish","type":"post","link":"https:\/\/www.europesays.com\/es\/133413\/","title":{"rendered":"La chaqueta efecto piel marr\u00f3n chocolate de 59\u20ac de Mango que sienta bien a todas (disponible desde la XXS a la 4XL)"},"content":{"rendered":"<p data-journey-content=\"true\" data-node-id=\"0\" class=\"css-6wxqfj emevuu60\">Hay prendas que aparecen cada temporada para recordarnos que la moda tambi\u00e9n puede ser democr\u00e1tica. Y esta c<strong data-node-id=\"0.1\">haqueta de Mango es el ejemplo perfecto: efecto piel en marr\u00f3n chocolate, corte corto y recto, cuello camisero y bolsillos de parche.<\/strong> Todo eso por 59 euros y, \u00bflo mejor? Que est\u00e1 disponible desde la talla XXS hasta la 4XL. S\u00ed, amigas, aqu\u00ed nadie se queda fuera.<\/p>\n<p data-journey-content=\"true\" data-node-id=\"1\" class=\"css-6wxqfj emevuu60\">Esta chaqueta de la firma catalana de la que te hablamos se trata de uno de esos b\u00e1sicos con todo el rollazo. <strong data-node-id=\"1.1\">El efecto piel lleva varias temporadas siendo protagonista de nuestro vestidor, pero este a\u00f1o se lleva en clave chocola<\/strong><strong data-node-id=\"1.2\">te<\/strong>, un tono c\u00e1lido y sofisticado que combina con absolutamente todo.<\/p>\n<p>La chaqueta efecto piel chocolate de 59\u20ac de Mango<\/p>\n<p data-journey-content=\"true\" data-node-id=\"3\" class=\"css-6wxqfj emevuu60\"><strong data-node-id=\"3.0\">La chaqueta tiene un dise\u00f1o corto y recto, que estiliza sin marcar demasiado, y un aire desenfadado <\/strong>gracias a su cuello camisero y cierre de botones. Sin embargo, es una de esas prendas a las que puedes dar mil usos; igual de v\u00e1lida para la oficina que para un plan de tarde o noche con amigas. <strong data-node-id=\"3.2\">Porque el marr\u00f3n chocolate es la tonalidad que est\u00e1 ganando la batalla al negro esta temporada 2025<\/strong>: elegante, f\u00e1cil de combinar y menos previsible. Y, adem\u00e1s, su rango de tallas es ampl\u00edsimo, un detalle que siempre suma puntos en moda.<\/p>\n<p data-journey-content=\"true\" data-node-id=\"5\" class=\"css-6wxqfj emevuu60\">\u00bfQue no sabes <strong data-node-id=\"5.1\">c\u00f3mo llevarla? Pues de much\u00edsimas maneras.<\/strong> Puedes probar a combinarla este oto\u00f1o con pantalones vaqueros o con una falda midi y botines &#8216;cowboy&#8217; para un conjunto de d\u00eda en clave setentero.<\/p>\n<p data-journey-content=\"true\" data-node-id=\"6\" class=\"css-6wxqfj emevuu60\">Otra opci\u00f3n es conjuntarla con pantalones sastre y mocasines, si quieres llevarla a la oficina, como toda una &#8216;working girl&#8217;. Y, si buscas algo m\u00e1s dulce, ll\u00e9vala con un vestido midi fluido y botas altas para un &#8216;outfit&#8217; de noche informal pero muy chic.<\/p>\n<p data-journey-content=\"true\" data-node-id=\"7\" class=\"css-6wxqfj emevuu60\">En definitiva,<strong data-node-id=\"7.1\"> esta chaqueta de Mango es la prueba de que no hace falta gastarse una fortuna para tener una pieza vers\u00e1til, favorecedora y con mucho estilo<\/strong>. Y si a eso le sumamos que se adapta a todos los cuerpos\u2026 lo raro ser\u00eda no a\u00f1adirla al carrito.<br data-node-id=\"7.3\"\/><\/p>\n<p><img draggable=\"true\" alt=\"chaqueta marr\u00f3n\" title=\"chaqueta marr\u00f3n\" loading=\"lazy\" width=\"487\" height=\"674\" decoding=\"async\" data-nimg=\"1\" style=\"color:transparent;width:100%;height:auto;\"   src=\"https:\/\/www.europesays.com\/es\/wp-content\/uploads\/2025\/09\/captura-de-pantalla-2025-09-22-183909-68d17bd360f3e.png\" class=\"css-0 e1g79fud0\"\/><\/p>\n<p>Mango<\/p>\n<p><img draggable=\"true\" alt=\"chaqueta marr\u00f3n\" title=\"chaqueta marr\u00f3n\" loading=\"lazy\" width=\"485\" height=\"674\" decoding=\"async\" data-nimg=\"1\" style=\"color:transparent;width:100%;height:auto;\"   src=\"https:\/\/www.europesays.com\/es\/wp-content\/uploads\/2025\/09\/captura-de-pantalla-2025-09-22-183901-68d17bd2cf688.png\" class=\"css-0 e1g79fud0\"\/><\/p>\n<p>Mango<\/p>\n<p>Mango chaqueta piel<\/p>\n<p><a target=\"_blank\" rel=\"nofollow noopener\" data-theme-key=\"product-image-wrapper\" href=\"https:\/\/go.redirectingat.com?id=86370X1578079&amp;url=https%3A%2F%2Fshop.mango.com%2Fes%2Fes%2Fp%2Fmujer%2Fchaquetas%2Fpolipiel%2Fchaqueta-efecto-piel-bolsillos_17055802\" aria-label=\"60\u00a0\u20ac en Mango for chaqueta piel\" data-href=\"https:\/\/shop.mango.com\/es\/es\/p\/mujer\/chaquetas\/polipiel\/chaqueta-efecto-piel-bolsillos_17055802\" data-product-url=\"https:\/\/shop.mango.com\/es\/es\/p\/mujer\/chaquetas\/polipiel\/chaqueta-efecto-piel-bolsillos_17055802\" data-affiliate=\"true\" data-affiliate-url=\"https:\/\/go.redirectingat.com?id=86370X1578079&amp;url=https%3A%2F%2Fshop.mango.com%2Fes%2Fes%2Fp%2Fmujer%2Fchaquetas%2Fpolipiel%2Fchaqueta-efecto-piel-bolsillos_17055802\" data-affiliate-network=\"{&quot;site_id&quot;:&quot;5545cc0d-2c00-4ffe-8b27-aa070fd2db3c&quot;,&quot;metadata&quot;:null,&quot;network&quot;:{&quot;name&quot;:&quot;Skimlinks&quot;},&quot;product_metadata&quot;:null,&quot;afflink_redirect&quot;:&quot;\/_p\/afflink\/y6fn\/mango-chaqueta-piel&quot;}\" data-vars-ga-call-to-action=\"60\u00a0\u20ac en Mango\" data-vars-ga-media-role=\"\" data-vars-ga-media-type=\"Single Product Embed\" data-vars-ga-outbound-link=\"https:\/\/shop.mango.com\/es\/es\/p\/mujer\/chaquetas\/polipiel\/chaqueta-efecto-piel-bolsillos_17055802\" data-vars-ga-product-brand=\"Mango\" data-vars-ga-product-id=\"8b3e99ed-ad73-4b32-9255-1587e14ce0bc\" data-vars-ga-product-price=\"59,99\u00a0\u20ac\" data-vars-ga-product-retailer-id=\"8e5f52f6-3558-4ef1-a1fc-85b97517990d\" data-vars-ga-product-sem3-brand=\"Mango\" data-vars-ga-link-treatment=\"(not set) | (not set)\" class=\"product-image-link ebgq4gw2 e1b8bpvs0 css-g6od0w e1c1bym14\"><img  alt=\"chaqueta piel\" title=\"chaqueta piel\" src=\"https:\/\/www.europesays.com\/es\/wp-content\/uploads\/2025\/09\/1758559574-captura-de-pantalla-2025-09-22-183855-68d17bd1cc62f.png\" width=\"478\" height=\"611\" decoding=\"async\" loading=\"lazy\"\/><\/a><\/p>\n","protected":false},"excerpt":{"rendered":"Hay prendas que aparecen cada temporada para recordarnos que la moda tambi\u00e9n puede ser democr\u00e1tica. Y esta chaqueta&hellip;\n","protected":false},"author":2,"featured_media":133414,"comment_status":"","ping_status":"","sticky":false,"template":"","format":"standard","meta":{"footnotes":""},"categories":[91],"tags":[253,146,147,25,24,23],"class_list":{"0":"post-133413","1":"post","2":"type-post","3":"status-publish","4":"format-standard","5":"has-post-thumbnail","7":"category-entretenimiento","8":"tag-discover","9":"tag-entertainment","10":"tag-entretenimiento","11":"tag-es","12":"tag-espana","13":"tag-spain"},"share_on_mastodon":{"url":"","error":""},"_links":{"self":[{"href":"https:\/\/www.europesays.com\/es\/wp-json\/wp\/v2\/posts\/133413","targetHints":{"allow":["GET"]}}],"collection":[{"href":"https:\/\/www.europesays.com\/es\/wp-json\/wp\/v2\/posts"}],"about":[{"href":"https:\/\/www.europesays.com\/es\/wp-json\/wp\/v2\/types\/post"}],"author":[{"embeddable":true,"href":"https:\/\/www.europesays.com\/es\/wp-json\/wp\/v2\/users\/2"}],"replies":[{"embeddable":true,"href":"https:\/\/www.europesays.com\/es\/wp-json\/wp\/v2\/comments?post=133413"}],"version-history":[{"count":0,"href":"https:\/\/www.europesays.com\/es\/wp-json\/wp\/v2\/posts\/133413\/revisions"}],"wp:featuredmedia":[{"embeddable":true,"href":"https:\/\/www.europesays.com\/es\/wp-json\/wp\/v2\/media\/133414"}],"wp:attachment":[{"href":"https:\/\/www.europesays.com\/es\/wp-json\/wp\/v2\/media?parent=133413"}],"wp:term":[{"taxonomy":"category","embeddable":true,"href":"https:\/\/www.europesays.com\/es\/wp-json\/wp\/v2\/categories?post=133413"},{"taxonomy":"post_tag","embeddable":true,"href":"https:\/\/www.europesays.com\/es\/wp-json\/wp\/v2\/tags?post=133413"}],"curies":[{"name":"wp","href":"https:\/\/api.w.org\/{rel}","templated":true}]}}