{"id":133421,"date":"2025-09-23T08:14:09","date_gmt":"2025-09-23T08:14:09","guid":{"rendered":"https:\/\/www.europesays.com\/es\/133421\/"},"modified":"2025-09-23T08:14:09","modified_gmt":"2025-09-23T08:14:09","slug":"pedro-sanchez-reclama-frenar-la-matanza-en-gaza-y-completar-el-ingreso-de-palestina-como-estado-miembro-de-pleno-derecho-de-naciones-unidas","status":"publish","type":"post","link":"https:\/\/www.europesays.com\/es\/133421\/","title":{"rendered":"Pedro S\u00e1nchez reclama frenar la matanza en Gaza y completar el ingreso de Palestina como Estado miembro de pleno derecho de Naciones Unidas"},"content":{"rendered":"<p class=\"news-location\">Nueva York (Estados Unidos)<\/p>\n<p>El presidente del Gobierno, Pedro S\u00e1nchez, ha participado esta tarde en la Conferencia Internacional de Alto Nivel para la Soluci\u00f3n Pac\u00edfica de la Cuesti\u00f3n de Palestina y la Implementaci\u00f3n de la Soluci\u00f3n de los Dos Estados, impulsada por Espa\u00f1a y copresidida por Francia y Arabia Saud\u00ed.<\/p>\n<p>En el marco de la Conferencia, Espa\u00f1a ha presidido, junto con Jordania, el Grupo de Trabajo 1, dedicado a la soberan\u00eda y gobernanza del Estado palestino, incluyendo la reunificaci\u00f3n de Gaza y Cisjordania bajo la Autoridad Palestina, con el objetivo de sentar las bases institucionales de un futuro Estado palestino viable, democr\u00e1tico y seguro.<\/p>\n<p>\u00abSi el reconocimiento del Estado palestino es urgente, lo es a\u00fan m\u00e1s que exista un pueblo palestino en el Estado que pretendemos reconocer\u00bb, ha advertido el presidente del Gobierno, denunciando que \u00ablas bombas siguen cayendo indiscriminadamente sobre la poblaci\u00f3n gazat\u00ed\u00bb y que \u00abel hambre mata a mujeres, ancianos y ni\u00f1os\u00bb. \u00abLa historia ser\u00e1 implacable con quienes callen o miren para otro lado\u00bb, ha subrayado.<\/p>\n<p><img decoding=\"async\" src=\"https:\/\/www.europesays.com\/es\/wp-content\/uploads\/2025\/09\/220925-sanchez-eeuu-conferencia-palestina.jpg\" alt=\"El presidente del Gobierno durante su intervenci\u00f3n en la Conferencia\" title=\"El presidente del Gobierno durante su intervenci\u00f3n en la Conferencia\"\/>El presidente del Gobierno, Pedro S\u00e1nchez, durante su intervenci\u00f3n en la Conferencia para la Soluci\u00f3n de los Dos Estados. | Pool Naciones Unidas<\/p>\n<p>Pedro S\u00e1nchez ha avanzado en su intervenci\u00f3n dos propuestas con la mirada puesta en el futuro inmediato. En primer lugar, ha hecho un llamamiento urgente a la comunidad internacional para completar el ingreso \u00ablo antes posible\u00bb del Estado de Palestina como miembro de pleno derecho de Naciones Unidas, para se encuentre en pie de igualdad con el resto de los miembros de la Asamblea General.<\/p>\n<p>En segundo lugar, el presidente del Gobierno ha instado a adoptar medidas de car\u00e1cter inmediato para frenar la barbarie en Gaza. En este sentido, ha subrayado que Espa\u00f1a acaba de adoptar un plan para frenar el genocidio, y que \u00abseguir\u00e1 tomando medidas valientes con quienes quieran sumarse\u00bb.<\/p>\n<p>Finalmente, ha reafirmado el compromiso de Espa\u00f1a con la racionalidad, la diplomacia y el respeto al Derecho Internacional y al Derecho Internacional Humanitario. \u00abHagamos que este 22 de septiembre sea recordado como el primer gran paso. Hoy, m\u00e1s que nunca, que lo injusto no nos sea indiferente\u00bb, ha destacado.<\/p>\n","protected":false},"excerpt":{"rendered":"Nueva York (Estados Unidos) El presidente del Gobierno, Pedro S\u00e1nchez, ha participado esta tarde en la Conferencia Internacional&hellip;\n","protected":false},"author":2,"featured_media":133422,"comment_status":"","ping_status":"","sticky":false,"template":"","format":"standard","meta":{"footnotes":""},"categories":[8],"tags":[17,18,25,24,13,14,11,19,20,9,10,15,16,23,12,21,22],"class_list":{"0":"post-133421","1":"post","2":"type-post","3":"status-publish","4":"format-standard","5":"has-post-thumbnail","7":"category-espana","8":"tag-breaking-news","9":"tag-breakingnews","10":"tag-es","11":"tag-espana","12":"tag-featured-news","13":"tag-featurednews","14":"tag-headlines","15":"tag-latest-news","16":"tag-latestnews","17":"tag-news","18":"tag-noticias","19":"tag-noticias-destacadas","20":"tag-noticiasdestacadas","21":"tag-spain","22":"tag-titulares","23":"tag-ultimas-noticias","24":"tag-ultimasnoticias"},"share_on_mastodon":{"url":"","error":""},"_links":{"self":[{"href":"https:\/\/www.europesays.com\/es\/wp-json\/wp\/v2\/posts\/133421","targetHints":{"allow":["GET"]}}],"collection":[{"href":"https:\/\/www.europesays.com\/es\/wp-json\/wp\/v2\/posts"}],"about":[{"href":"https:\/\/www.europesays.com\/es\/wp-json\/wp\/v2\/types\/post"}],"author":[{"embeddable":true,"href":"https:\/\/www.europesays.com\/es\/wp-json\/wp\/v2\/users\/2"}],"replies":[{"embeddable":true,"href":"https:\/\/www.europesays.com\/es\/wp-json\/wp\/v2\/comments?post=133421"}],"version-history":[{"count":0,"href":"https:\/\/www.europesays.com\/es\/wp-json\/wp\/v2\/posts\/133421\/revisions"}],"wp:featuredmedia":[{"embeddable":true,"href":"https:\/\/www.europesays.com\/es\/wp-json\/wp\/v2\/media\/133422"}],"wp:attachment":[{"href":"https:\/\/www.europesays.com\/es\/wp-json\/wp\/v2\/media?parent=133421"}],"wp:term":[{"taxonomy":"category","embeddable":true,"href":"https:\/\/www.europesays.com\/es\/wp-json\/wp\/v2\/categories?post=133421"},{"taxonomy":"post_tag","embeddable":true,"href":"https:\/\/www.europesays.com\/es\/wp-json\/wp\/v2\/tags?post=133421"}],"curies":[{"name":"wp","href":"https:\/\/api.w.org\/{rel}","templated":true}]}}