{"id":133425,"date":"2025-09-23T08:16:12","date_gmt":"2025-09-23T08:16:12","guid":{"rendered":"https:\/\/www.europesays.com\/es\/133425\/"},"modified":"2025-09-23T08:16:12","modified_gmt":"2025-09-23T08:16:12","slug":"los-hispanos-juveniles-inician-su-camino-con-raul-entrerrios","status":"publish","type":"post","link":"https:\/\/www.europesays.com\/es\/133425\/","title":{"rendered":"Los Hispanos Juveniles inician su camino con Ra\u00fal Entrerr\u00edos"},"content":{"rendered":"<p>Los <strong>Hispanos Juveniles<\/strong> inician ma\u00f1ana mi\u00e9rcoles una nueva etapa con <strong>Ra\u00fal Entrerr\u00edos<\/strong> al frente. El seleccionador asturiano <strong>se estrena en el banquillo<\/strong> con una actividad internacional en <strong>El Cairo<\/strong>, donde Espa\u00f1a disputar\u00e1 <strong>dos compromisos amistosos frente a Egipto<\/strong> en el <strong>Centro Ol\u00edmpico de Maadi<\/strong>: el primero el <strong>mi\u00e9rcoles 24 de septiembre a las 18:00h.<\/strong> y el segundo el<strong> jueves 25 a las 16:00h.<\/strong><\/p>\n<p>Tras completar en Sierra Nevada las <strong>Jornadas Nacionales de Tecnificaci\u00f3n Deportiva<\/strong>, los jugadores se desplazaron a Madrid y volaron ayer a Egipto, donde afrontar\u00e1n su primer test competitivo como grupo.<\/p>\n<p>El seleccionador y excapit\u00e1n de los Hispanos, Ra\u00fal Entrerr\u00edos, asegura que \u00abel reto es hacer de este grupo un equipo competitivo, representar a Espa\u00f1a al m\u00e1ximo nivel, y mantener a la par un equipo abierto a m\u00e1s jugadores\u2026 porque, como les he dicho, el camino de cada jugador es distinto, y se deben centrar en competir y formarse, sobre todo valoro su capacidad para adaptarse al grupo, eso es vital\u00bb.<\/p>\n<p>\u00a0<\/p>\n<p><strong>CONVOCATORIA:<\/strong><\/p>\n<ul>\n<li><strong>Porter\u00eda<\/strong>\u00a0| Rub\u00e9n Carde\u00f1osa (AD Prado Marianistas), Albert Quesada (Bar\u00e7a)<\/li>\n<li><strong>Central<\/strong>\u00a0| \u00c1lvaro Luis D\u00edaz (CD Grubagal), Marcos Garc\u00eda (CB San Sebasti\u00e1n de los Reyes), Julio Fis (Balonmano Caser\u00edo Ciudad Real)<\/li>\n<li><strong>Lateral Derecho<\/strong>\u00a0| Jorge Mart\u00ednez (RGCC Covadonga),<\/li>\n<li><strong>Lateral Izquierdo<\/strong>\u00a0| Joel Casas (Fraikin Granollers), Pablo S\u00e1nchez (C\u00f3rdoba Balonmano), Xoel Lago (Cisne Balonmano)<\/li>\n<li><strong>Extremo Derecho<\/strong>\u00a0| Ian Viladiu (Bar\u00e7a), Adri\u00e1n Glaria (SCDR Anaitasuna)<\/li>\n<li><strong>Extremo Izquierdo<\/strong>\u00a0| Markel Errasti (ZKE Zarautz), Marc Villarreal (Bar\u00e7a)<\/li>\n<li><strong>Pivote<\/strong>\u00a0| Eric Anselmo (Bar\u00e7a), William Thompson (Balonmano Luceros), Diego Cristian Lita (Balonmano Alcobendas)<\/li>\n<\/ul>\n<p>\u00a0<\/p>\n<p>Fotograf\u00eda: <strong>RFEBM<\/strong><\/p>\n","protected":false},"excerpt":{"rendered":"Los Hispanos Juveniles inician ma\u00f1ana mi\u00e9rcoles una nueva etapa con Ra\u00fal Entrerr\u00edos al frente. El seleccionador asturiano se&hellip;\n","protected":false},"author":2,"featured_media":133426,"comment_status":"","ping_status":"","sticky":false,"template":"","format":"standard","meta":{"footnotes":""},"categories":[278],"tags":[376,168,25,24,375,23,167],"class_list":{"0":"post-133425","1":"post","2":"type-post","3":"status-publish","4":"format-standard","5":"has-post-thumbnail","7":"category-balonmano","8":"tag-balonmano","9":"tag-deportes","10":"tag-es","11":"tag-espana","12":"tag-handball","13":"tag-spain","14":"tag-sports"},"share_on_mastodon":{"url":"","error":""},"_links":{"self":[{"href":"https:\/\/www.europesays.com\/es\/wp-json\/wp\/v2\/posts\/133425","targetHints":{"allow":["GET"]}}],"collection":[{"href":"https:\/\/www.europesays.com\/es\/wp-json\/wp\/v2\/posts"}],"about":[{"href":"https:\/\/www.europesays.com\/es\/wp-json\/wp\/v2\/types\/post"}],"author":[{"embeddable":true,"href":"https:\/\/www.europesays.com\/es\/wp-json\/wp\/v2\/users\/2"}],"replies":[{"embeddable":true,"href":"https:\/\/www.europesays.com\/es\/wp-json\/wp\/v2\/comments?post=133425"}],"version-history":[{"count":0,"href":"https:\/\/www.europesays.com\/es\/wp-json\/wp\/v2\/posts\/133425\/revisions"}],"wp:featuredmedia":[{"embeddable":true,"href":"https:\/\/www.europesays.com\/es\/wp-json\/wp\/v2\/media\/133426"}],"wp:attachment":[{"href":"https:\/\/www.europesays.com\/es\/wp-json\/wp\/v2\/media?parent=133425"}],"wp:term":[{"taxonomy":"category","embeddable":true,"href":"https:\/\/www.europesays.com\/es\/wp-json\/wp\/v2\/categories?post=133425"},{"taxonomy":"post_tag","embeddable":true,"href":"https:\/\/www.europesays.com\/es\/wp-json\/wp\/v2\/tags?post=133425"}],"curies":[{"name":"wp","href":"https:\/\/api.w.org\/{rel}","templated":true}]}}