{"id":133427,"date":"2025-09-23T08:17:04","date_gmt":"2025-09-23T08:17:04","guid":{"rendered":"https:\/\/www.europesays.com\/es\/133427\/"},"modified":"2025-09-23T08:17:04","modified_gmt":"2025-09-23T08:17:04","slug":"canal-sur-retransmite-la-segunda-corrida-de-la-feria-de-san-miguel-desde-la-real-maestranza-de-sevilla","status":"publish","type":"post","link":"https:\/\/www.europesays.com\/es\/133427\/","title":{"rendered":"Canal Sur retransmite la segunda corrida de la Feria de San Miguel desde la Real Maestranza de Sevilla"},"content":{"rendered":"<p style=\"text-align: justify;\">Canal Sur Televisi\u00f3n ofrece la segunda corrida de la <strong>Feria de San Miguel de Sevilla<\/strong>, con un cartel de destacadas figuras del toreo y un despliegue t\u00e9cnico de im\u00e1genes in\u00e9ditas, uso de drones y sonido ambiente mejorado.\u00a0La televisi\u00f3n p\u00fablica andaluza\u00a0refuerza as\u00ed su <strong>apuesta por la tauromaquia<\/strong> como parte del patrimonio cultural y econ\u00f3mico de Andaluc\u00eda.<\/p>\n<p style=\"text-align: justify;\">Este <strong>s\u00e1bado, 27 de septiembre<\/strong>, a partir de las <strong>18:30 horas<\/strong>, se celebrar\u00e1 la segunda\u00a0corrida del ciclo\u00a0en la <strong>Real Maestranza de Sevilla, con toros de la ganader\u00eda de Garcigrande para los diestros Alejandro Talavante, Daniel Luque y Borja Jim\u00e9nez.<\/strong><\/p>\n<p style=\"text-align: justify;\">Desde las 18:00 horas, se ofrecer\u00e1 un programa especial con im\u00e1genes in\u00e9ditas de los toreros en el hotel y durante su camino hacia el coso sevillano. El\u00a0equipo que dirige\u00a0<strong>Enrique Romero,<\/strong>\u00a0junto con los comentarios del maestro <strong>Ruiz Miguel, Ana Mar\u00eda Romero y con Noelia L\u00f3pez<\/strong> como reportera en el callej\u00f3n, acercar\u00e1 a los hogares de Andaluc\u00eda todo lo que suceda en la plaza.<\/p>\n<p style=\"text-align: justify;\">El festejo se podr\u00e1 disfrutar como una experiencia inmersiva ya que la retransmisi\u00f3n usar\u00e1 drones para mostrar im\u00e1genes al detalle y un sonido de ambiente mejorado para captar todas las sensaciones vividas durante cada faena.<\/p>\n<p><strong>Fecha de emisi\u00f3n: s\u00e1bado 27 de septiembre, a partir de las 18:00h., en Canal Sur Televisi\u00f3n.<\/strong><\/p>\n","protected":false},"excerpt":{"rendered":"Canal Sur Televisi\u00f3n ofrece la segunda corrida de la Feria de San Miguel de Sevilla, con un cartel&hellip;\n","protected":false},"author":2,"featured_media":133428,"comment_status":"","ping_status":"","sticky":false,"template":"","format":"standard","meta":{"footnotes":""},"categories":[277],"tags":[373,29337,168,25,24,23,167,374,444],"class_list":{"0":"post-133427","1":"post","2":"type-post","3":"status-publish","4":"format-standard","5":"has-post-thumbnail","7":"category-toreo","8":"tag-bullfighting","9":"tag-cstv","10":"tag-deportes","11":"tag-es","12":"tag-espana","13":"tag-spain","14":"tag-sports","15":"tag-toreo","16":"tag-toros"},"share_on_mastodon":{"url":"","error":""},"_links":{"self":[{"href":"https:\/\/www.europesays.com\/es\/wp-json\/wp\/v2\/posts\/133427","targetHints":{"allow":["GET"]}}],"collection":[{"href":"https:\/\/www.europesays.com\/es\/wp-json\/wp\/v2\/posts"}],"about":[{"href":"https:\/\/www.europesays.com\/es\/wp-json\/wp\/v2\/types\/post"}],"author":[{"embeddable":true,"href":"https:\/\/www.europesays.com\/es\/wp-json\/wp\/v2\/users\/2"}],"replies":[{"embeddable":true,"href":"https:\/\/www.europesays.com\/es\/wp-json\/wp\/v2\/comments?post=133427"}],"version-history":[{"count":0,"href":"https:\/\/www.europesays.com\/es\/wp-json\/wp\/v2\/posts\/133427\/revisions"}],"wp:featuredmedia":[{"embeddable":true,"href":"https:\/\/www.europesays.com\/es\/wp-json\/wp\/v2\/media\/133428"}],"wp:attachment":[{"href":"https:\/\/www.europesays.com\/es\/wp-json\/wp\/v2\/media?parent=133427"}],"wp:term":[{"taxonomy":"category","embeddable":true,"href":"https:\/\/www.europesays.com\/es\/wp-json\/wp\/v2\/categories?post=133427"},{"taxonomy":"post_tag","embeddable":true,"href":"https:\/\/www.europesays.com\/es\/wp-json\/wp\/v2\/tags?post=133427"}],"curies":[{"name":"wp","href":"https:\/\/api.w.org\/{rel}","templated":true}]}}