{"id":133431,"date":"2025-09-23T08:20:04","date_gmt":"2025-09-23T08:20:04","guid":{"rendered":"https:\/\/www.europesays.com\/es\/133431\/"},"modified":"2025-09-23T08:20:04","modified_gmt":"2025-09-23T08:20:04","slug":"condenado-un-aleman-reincidente-por-acosar-a-la-hermana-de-rafa-nadal-en-su-academia","status":"publish","type":"post","link":"https:\/\/www.europesays.com\/es\/133431\/","title":{"rendered":"Condenado un alem\u00e1n reincidente por acosar a la hermana de Rafa Nadal en su academia"},"content":{"rendered":"<p>Un Juzgado de Instrucci\u00f3n de Manacor ha condenado a un hombre de nacionalidad alemana, de 37 a\u00f1os, a <strong>cuatro meses de prisi\u00f3n<\/strong> por acosar de forma reiterada a la <strong>hermana de <\/strong><a href=\"https:\/\/www.libertaddigital.com\/personajes\/rafa-nadal\/\" rel=\"nofollow noopener\" target=\"_blank\"><strong>Rafa Nadal<\/strong> <\/a>en la academia del tenista, donde ella trabaja. La pena quedar\u00e1 suspendida durante dos a\u00f1os siempre que el procesado no cometa nuevos delitos y respete la orden de alejamiento impuesta.<\/p>\n<p>Los hechos se produjeron el pasado mes de agosto, cuando el acusado acud\u00eda a diario al centro de trabajo. Seg\u00fan la sentencia, lleg\u00f3 a <strong>hacerse pasar por tenista o deportista <\/strong>de la Academia Rafa Nadal para poder acercarse a ella, que ocupa el cargo de directora comercial y de marketing del centro.<\/p>\n<p>Adem\u00e1s, logr\u00f3 obtener el n\u00famero de tel\u00e9fono de <strong>Mar\u00eda Isabel Nadal<\/strong> y comenz\u00f3 a enviarle mensajes constantes a cualquier hora, realizar llamadas repetitivas y persistentes, y <strong>enviar textos con contenido violento y perturbador<\/strong>, repletos de inquietantes referencias a la sangre, insultos expl\u00edcitos y amenazas de presentarse tanto en la academia como en su domicilio.<\/p>\n<p><strong>Acuerdo judicial<\/strong><\/p>\n<p>El acusado reconoci\u00f3 los hechos dentro de un acuerdo alcanzado en el procedimiento. La condena de cuatro meses de c\u00e1rcel <strong>no se ejecutar\u00e1 de forma efectiva<\/strong> si cumple las condiciones establecidas por el juzgado: no delinquir durante dos a\u00f1os, no contactar con la v\u00edctima y mantenerse a una <strong>distancia m\u00ednima de 200 metros<\/strong> de ella.<\/p>\n<p>&#13;<br \/>\n    Relacionado&#13;<br \/>\n    &#13;<\/p>\n<p>El procesado, nacido en Alemania en 1988 y residente en Manacor, ya hab\u00eda protagonizado <strong>incidentes similares con otras mujeres<\/strong> de la zona, seg\u00fan recoge la resoluci\u00f3n judicial.<\/p>\n<p>La denuncia de la hermana de Rafa Nadal, presentada en dependencias de la <a href=\"https:\/\/www.libertaddigital.com\/organismos\/cuerpo-nacional-de-policia\/\" rel=\"nofollow noopener\" target=\"_blank\">Polic\u00eda Nacional<\/a> de Manacor, permiti\u00f3 que los agentes identificaran y detuvieran al hombre poco despu\u00e9s de iniciarse las investigaciones.<\/p>\n","protected":false},"excerpt":{"rendered":"Un Juzgado de Instrucci\u00f3n de Manacor ha condenado a un hombre de nacionalidad alemana, de 37 a\u00f1os, a&hellip;\n","protected":false},"author":2,"featured_media":133432,"comment_status":"","ping_status":"","sticky":false,"template":"","format":"standard","meta":{"footnotes":""},"categories":[274],"tags":[42508,42509,168,25,24,42510,4661,42511,11739,28063,23,167,327,326],"class_list":{"0":"post-133431","1":"post","2":"type-post","3":"status-publish","4":"format-standard","5":"has-post-thumbnail","7":"category-tenis","8":"tag-acosar","9":"tag-condenado-un-aleman","10":"tag-deportes","11":"tag-es","12":"tag-espana","13":"tag-hermande-rafa-nadal","14":"tag-manacor","15":"tag-maria-isabel-nadal","16":"tag-policia-nacional","17":"tag-rafa-nadal-academy","18":"tag-spain","19":"tag-sports","20":"tag-tenis","21":"tag-tennis"},"share_on_mastodon":{"url":"","error":""},"_links":{"self":[{"href":"https:\/\/www.europesays.com\/es\/wp-json\/wp\/v2\/posts\/133431","targetHints":{"allow":["GET"]}}],"collection":[{"href":"https:\/\/www.europesays.com\/es\/wp-json\/wp\/v2\/posts"}],"about":[{"href":"https:\/\/www.europesays.com\/es\/wp-json\/wp\/v2\/types\/post"}],"author":[{"embeddable":true,"href":"https:\/\/www.europesays.com\/es\/wp-json\/wp\/v2\/users\/2"}],"replies":[{"embeddable":true,"href":"https:\/\/www.europesays.com\/es\/wp-json\/wp\/v2\/comments?post=133431"}],"version-history":[{"count":0,"href":"https:\/\/www.europesays.com\/es\/wp-json\/wp\/v2\/posts\/133431\/revisions"}],"wp:featuredmedia":[{"embeddable":true,"href":"https:\/\/www.europesays.com\/es\/wp-json\/wp\/v2\/media\/133432"}],"wp:attachment":[{"href":"https:\/\/www.europesays.com\/es\/wp-json\/wp\/v2\/media?parent=133431"}],"wp:term":[{"taxonomy":"category","embeddable":true,"href":"https:\/\/www.europesays.com\/es\/wp-json\/wp\/v2\/categories?post=133431"},{"taxonomy":"post_tag","embeddable":true,"href":"https:\/\/www.europesays.com\/es\/wp-json\/wp\/v2\/tags?post=133431"}],"curies":[{"name":"wp","href":"https:\/\/api.w.org\/{rel}","templated":true}]}}