{"id":133453,"date":"2025-09-23T08:34:08","date_gmt":"2025-09-23T08:34:08","guid":{"rendered":"https:\/\/www.europesays.com\/es\/133453\/"},"modified":"2025-09-23T08:34:08","modified_gmt":"2025-09-23T08:34:08","slug":"nuevos-farmacos-y-analisis-de-sangre-abren-una-nueva-era-en-diagnostico-y-tratamiento","status":"publish","type":"post","link":"https:\/\/www.europesays.com\/es\/133453\/","title":{"rendered":"nuevos f\u00e1rmacos y an\u00e1lisis de sangre abren una nueva era en diagn\u00f3stico y tratamiento"},"content":{"rendered":"<p>\u00a0\u00a0\u00a0MADRID, 23 Sep. (EUROPA PRESS) &#8211;  <\/p>\n<p>\u00a0\u00a0\u00a0La enfermedad de Alzheimer representa aproximadamente el 70% de todos los casos de demencia y es una de las principales causas de discapacidad, lo que resulta en altos costos sociales y econ\u00f3micos. <\/p>\n<p>   Los nuevos tratamientos con anticuerpos monoclonales pueden ralentizar la progresi\u00f3n de la enfermedad de Alzheimer a un nivel comparable a la eficacia de los medicamentos para el c\u00e1ncer, la artritis reumatoide y la esclerosis m\u00faltiple. <\/p>\n<p>   Sin embargo, a pesar de la similitud en la efectividad del tratamiento para otras enfermedades, los altos costos de la medicaci\u00f3n, los requisitos de pruebas complejas, la atenci\u00f3n sub\u00f3ptima para los s\u00edntomas conductuales y el riesgo de falta de recursos puede dejar atr\u00e1s a los pacientes de Alzheimer.<\/p>\n<p><strong>NUEVOS MEDICAMENTOS QUE FRENAN LA PROGRESI\u00d3N DEL ALZHEIMER<\/strong><\/p>\n<p>\u00a0\u00a0\u00a0La aprobaci\u00f3n de nuevos medicamentos de anticuerpos para la <a title=\"enfermedad de Alzheimer\" href=\"https:\/\/www.infosalus.com\/enfermedades\/neurologia\/alzheimer\/que-es-alzheimer-60.html\" target=\"_blank\" rel=\"nofollow noopener\">enfermedad de Alzheimer<\/a> (<a title=\"lecanemab y donanemab\" href=\"https:\/\/www.infosalus.com\/farmacia\/noticia-nuevos-medicamentos-contra-alzheimer-prolongan-vida-independiente-pacientes-meses-20250218172852.html\" target=\"_blank\" rel=\"nofollow noopener\">lecanemab y donanemab<\/a>) y las pruebas diagn\u00f3sticas en la sangre marcan el comienzo de una nueva era en el diagn\u00f3stico y tratamiento de la enfermedad de Alzheimer.<\/p>\n<p>\u00a0\u00a0\u00a0 Sin embargo, <strong>sin una reforma r\u00e1pida en los sistemas de salud, las pol\u00edticas p\u00fablicas y las actitudes sociales<\/strong>, su potencial no se realizar\u00e1 plenamente, argumentan 40 expertos l\u00edderes internacionales en la enfermedad de Alzheimer en un especial <a title=\"'The Lancet Series'\" href=\"http:\/\/DOI: 10.1016\/S0140-6736(25)01294-2\" target=\"_blank\">&#8216;The Lancet Series&#8217;<\/a> sobre la enfermedad de Alzheimer.<\/p>\n<p>\u00a0\u00a0\u00a0Sin embargo, los autores dicen que las diferencias en la edad, los resultados de los pacientes y los efectos secundarios significan que tales comparaciones deben tratarse con cautela.<\/p>\n<p>\u00a0\u00a0\u00a0 De manera alentadora, las mejoras en la prevenci\u00f3n de la enfermedad de Alzheimer tambi\u00e9n est\u00e1n en el horizonte, con los Servicios de Salud Cerebral emergentes que identifican a las personas con alto riesgo de desarrollar la enfermedad y les brindan programas de tratamiento personalizados. <\/p>\n<p><strong>PRUEBAS EN SANGRE: UN AVANCE CLAVE PARA EL DIAGN\u00d3STICO TEMPRANO<\/strong><\/p>\n<p>   Sin embargo, la mayor\u00eda de los casos de enfermedad de Alzheimer ocurren en personas con riesgo bajo o normal, lo que hace que las medidas a nivel de toda la poblaci\u00f3n, que reducen el riesgo, como el dise\u00f1o urbano m\u00e1s saludable y las restricciones al alcohol y las bebidas azucaradas, sean esenciales.<\/p>\n<p>\u00a0\u00a0\u00a0 Los autores piden una acci\u00f3n global coordinada para que el r\u00e1pido ritmo de avance cient\u00edfico en el campo de la enfermedad de Alzheimer se corresponda con reformas a nivel de proveedores de atenci\u00f3n m\u00e9dica, pol\u00edticas y sociedad.<\/p>\n<p>\u00a0\u00a0\u00a0 El autor principal de la serie, el profesor Giovanni Frisoni, de la Universidad de Ginebra (Suiza), afirma: \u00abLos an\u00e1lisis de sangre, los f\u00e1rmacos biol\u00f3gicos para la enfermedad de Alzheimer y las intervenciones de prevenci\u00f3n est\u00e1n impulsando la atenci\u00f3n hacia un territorio completamente nuevo y emocionante\u00bb. <\/p>\n<p>EL RETO DE ADAPTAR LOS SISTEMAS DE SALUD Y LAS POL\u00cdTICAS P\u00daBLICAS<\/p>\n<p>\u00a0\u00a0\u00a0Sin embargo, \u00ablas antiguas necesidades de los pacientes no desaparecer\u00e1n. Por el contrario, los m\u00e9dicos generales y los especialistas en demencia deber\u00e1n dominar los avances, menos glamurosos pero constantes, logrados en las \u00faltimas d\u00e9cadas en la atenci\u00f3n y el tratamiento de los trastornos del comportamiento, el uso de sofisticadas herramientas de diagn\u00f3stico por imagen y de laboratorio, y la atenci\u00f3n psicosocial. Un esfuerzo social concertado en esta direcci\u00f3n permitir\u00e1 que nuestros pacientes actuales y futuros se beneficien plenamente del potencial de los avances cient\u00edficos y tecnol\u00f3gicos\u00bb. <\/p>\n","protected":false},"excerpt":{"rendered":"\u00a0\u00a0\u00a0MADRID, 23 Sep. (EUROPA PRESS) &#8211; \u00a0\u00a0\u00a0La enfermedad de Alzheimer representa aproximadamente el 70% de todos los casos&hellip;\n","protected":false},"author":2,"featured_media":133454,"comment_status":"","ping_status":"","sticky":false,"template":"","format":"standard","meta":{"footnotes":""},"categories":[92],"tags":[25,24,165,166,23],"class_list":{"0":"post-133453","1":"post","2":"type-post","3":"status-publish","4":"format-standard","5":"has-post-thumbnail","7":"category-salud","8":"tag-es","9":"tag-espana","10":"tag-health","11":"tag-salud","12":"tag-spain"},"share_on_mastodon":{"url":"","error":""},"_links":{"self":[{"href":"https:\/\/www.europesays.com\/es\/wp-json\/wp\/v2\/posts\/133453","targetHints":{"allow":["GET"]}}],"collection":[{"href":"https:\/\/www.europesays.com\/es\/wp-json\/wp\/v2\/posts"}],"about":[{"href":"https:\/\/www.europesays.com\/es\/wp-json\/wp\/v2\/types\/post"}],"author":[{"embeddable":true,"href":"https:\/\/www.europesays.com\/es\/wp-json\/wp\/v2\/users\/2"}],"replies":[{"embeddable":true,"href":"https:\/\/www.europesays.com\/es\/wp-json\/wp\/v2\/comments?post=133453"}],"version-history":[{"count":0,"href":"https:\/\/www.europesays.com\/es\/wp-json\/wp\/v2\/posts\/133453\/revisions"}],"wp:featuredmedia":[{"embeddable":true,"href":"https:\/\/www.europesays.com\/es\/wp-json\/wp\/v2\/media\/133454"}],"wp:attachment":[{"href":"https:\/\/www.europesays.com\/es\/wp-json\/wp\/v2\/media?parent=133453"}],"wp:term":[{"taxonomy":"category","embeddable":true,"href":"https:\/\/www.europesays.com\/es\/wp-json\/wp\/v2\/categories?post=133453"},{"taxonomy":"post_tag","embeddable":true,"href":"https:\/\/www.europesays.com\/es\/wp-json\/wp\/v2\/tags?post=133453"}],"curies":[{"name":"wp","href":"https:\/\/api.w.org\/{rel}","templated":true}]}}