{"id":133461,"date":"2025-09-23T08:38:04","date_gmt":"2025-09-23T08:38:04","guid":{"rendered":"https:\/\/www.europesays.com\/es\/133461\/"},"modified":"2025-09-23T08:38:04","modified_gmt":"2025-09-23T08:38:04","slug":"hong-kong-y-el-sur-de-china-se-preparan-para-el-poderoso-tifon-ragasa-tras-azotar-filipinas","status":"publish","type":"post","link":"https:\/\/www.europesays.com\/es\/133461\/","title":{"rendered":"Hong Kong y el sur de China se preparan para el poderoso tif\u00f3n Ragasa tras azotar Filipinas"},"content":{"rendered":"<p>      CNN<br \/>\n        \u00a0\u2014\u00a0<\/p>\n<p class=\"paragraph inline-placeholder vossi-paragraph\" data-uri=\"es.cms.cnn.com\/_components\/paragraph\/instances\/cmfvzaa87002r27qohxmmed2j@published\" data-editable=\"text\" data-component-name=\"paragraph\" data-article-gutter=\"true\">\n            Un tif\u00f3n enorme y poderoso se dirige hacia el sur de China despu\u00e9s de <a href=\"https:\/\/www.cnn.com\/2025\/09\/22\/asia\/super-typhoon-ragasa-philippines-hong-kong-intl-hnk\" rel=\"nofollow noopener\" target=\"_blank\">azotar Filipinas<\/a> con vientos destructivos y lluvias torrenciales, poniendo a las megaciudades de la regi\u00f3n en alerta m\u00e1xima con vuelos cancelados y la interrupci\u00f3n de clases y actividades comerciales.\n    <\/p>\n<p class=\"paragraph inline-placeholder vossi-paragraph\" data-uri=\"es.cms.cnn.com\/_components\/paragraph\/instances\/cmfvzdwsm0007356n7qrxfjqf@published\" data-editable=\"text\" data-component-name=\"paragraph\" data-article-gutter=\"true\">\n            Decenas de millones de personas podr\u00edan verse afectadas por el sistema, que se espera pase al sur de las principales ciudades de Hong Kong, Macau, Shenzhen y Guangzhou, antes de tocar tierra nuevamente en la provincia de Guangdong, en China continental.\n    <\/p>\n<p class=\"paragraph inline-placeholder vossi-paragraph\" data-uri=\"es.cms.cnn.com\/_components\/paragraph\/instances\/cmfvzdwsm0008356n1ob4dwtd@published\" data-editable=\"text\" data-component-name=\"paragraph\" data-article-gutter=\"true\">\n            El <a href=\"https:\/\/www.cnn.com\/2025\/09\/22\/world\/video\/super-typhoon-ragasa-philippines-hong-kong-ldn-digvid\" rel=\"nofollow noopener\" target=\"_blank\">tif\u00f3n Ragasa<\/a> azot\u00f3 el norte de Filipinas, convirti\u00e9ndose en la tormenta m\u00e1s intensa del planeta este a\u00f1o tras generar vientos sostenidos de m\u00e1s de 267 km\/h, lo que equivale a un hurac\u00e1n de categor\u00eda 5.\n    <\/p>\n<p class=\"paragraph inline-placeholder vossi-paragraph\" data-uri=\"es.cms.cnn.com\/_components\/paragraph\/instances\/cmfvzdwsm0009356n31spxdv3@published\" data-editable=\"text\" data-component-name=\"paragraph\" data-article-gutter=\"true\">\n            Conocido en Filipinas como Nando, toc\u00f3 tierra como supertif\u00f3n sobre la isla Panuitan, en la provincia norte\u00f1a de Cagay\u00e1n, el lunes, seg\u00fan la agencia meteorol\u00f3gica del pa\u00eds (PAGASA).\n    <\/p>\n<p class=\"paragraph inline-placeholder vossi-paragraph\" data-uri=\"es.cms.cnn.com\/_components\/paragraph\/instances\/cmfvzdwsm000a356nin0pbzzr@published\" data-editable=\"text\" data-component-name=\"paragraph\" data-article-gutter=\"true\">\n            Las autoridades en China han activado respuestas de emergencia. Enteras megaciudades en Guangdong, una de las regiones m\u00e1s pobladas del mundo, se han paralizado ante la llegada de la tormenta, con escuelas cerradas y el trabajo suspendido, algunos negocios cerrados y el transporte p\u00fablico detenido.\n    <\/p>\n<p class=\"paragraph inline-placeholder vossi-paragraph\" data-uri=\"es.cms.cnn.com\/_components\/paragraph\/instances\/cmfvzdwsm000b356nfgq2gz4g@published\" data-editable=\"text\" data-component-name=\"paragraph\" data-article-gutter=\"true\">\n            Guangzhou, una ciudad de 18,6 millones de habitantes, podr\u00eda emitir su m\u00e1xima alerta roja el martes, mientras que en Shenzhen, hogar de unos 17,5 millones de residentes, los funcionarios se preparaban para reubicar a 400.000 personas de zonas bajas y costeras.\n    <\/p>\n<p class=\"paragraph inline-placeholder vossi-paragraph\" data-uri=\"es.cms.cnn.com\/_components\/paragraph\/instances\/cmfvzdwsm000c356nrk5rxjxs@published\" data-editable=\"text\" data-component-name=\"paragraph\" data-article-gutter=\"true\">\n            Los estantes de los supermercados se vaciaron en Hong Kong mientras los residentes almacenaban suministros en preparaci\u00f3n, y videos mostraron escenas similares en las ciudades del sur de China, Zhuhai y Shenzhen.\n    <\/p>\n<p class=\"paragraph inline-placeholder vossi-paragraph\" data-uri=\"es.cms.cnn.com\/_components\/paragraph\/instances\/cmfvzdwsm000d356ng139b3bd@published\" data-editable=\"text\" data-component-name=\"paragraph\" data-article-gutter=\"true\">\n            Cientos de vuelos han sido interrumpidos en toda la regi\u00f3n, con cancelaciones en Taiw\u00e1n, Hong Kong y el sur de China. La aerol\u00ednea Cathay Pacific, con sede en Hong Kong, dijo que suspender\u00e1 los vuelos de pasajeros programados para salir y llegar a la ciudad desde la noche del martes hasta la ma\u00f1ana del jueves. Hong Kong Airlines, otra aerol\u00ednea regional, tambi\u00e9n suspendi\u00f3 decenas de vuelos <a href=\"https:\/\/www.hongkongairlines.com\/ta\/ta?lanid=105&amp;cid=cceb355e-1f89-4658-93db-a361b14fc886&amp;from=all&amp;selectAll=Services%20and%20operational%20updates\" target=\"_blank\" rel=\"nofollow noopener\">durante la semana<\/a>.\n    <\/p>\n<p class=\"paragraph inline-placeholder vossi-paragraph\" data-uri=\"es.cms.cnn.com\/_components\/paragraph\/instances\/cmfvzdwsm000e356ngbh9ej0k@published\" data-editable=\"text\" data-component-name=\"paragraph\" data-article-gutter=\"true\">\n            Un mega puente que conecta Hong Kong, Macau y la ciudad china de Zhuhai tambi\u00e9n ser\u00e1 cerrado a partir del martes.\n    <\/p>\n<p>       <img decoding=\"async\" src=\"https:\/\/www.europesays.com\/es\/wp-content\/uploads\/2025\/09\/2025-09-22t101927z-856974490-rc2ywga5a460-rtrmadp-3-asia-weather-hongkong-20250923031742883.jpg\" alt=\"Un empleado de una tienda coloca cinta adhesiva en una ventana de cristal como medida de precauci\u00f3n ante el tif\u00f3n Ragasa, en Hong Kong, el 22 de septiembre de 2025.\" class=\"image__dam-img image__dam-img--loading\" onload=\"this.classList.remove('image__dam-img--loading')\" onerror=\"imageLoadError(this)\" height=\"800\" width=\"1200\" loading=\"lazy\"\/><\/p>\n<p class=\"paragraph inline-placeholder vossi-paragraph\" data-uri=\"es.cms.cnn.com\/_components\/paragraph\/instances\/cmfvzdwsm000g356ncmm6crak@published\" data-editable=\"text\" data-component-name=\"paragraph\" data-article-gutter=\"true\">\n            Todav\u00eda se desconoce el alcance de los da\u00f1os en las islas Babuyan. Filipinas hab\u00eda advertido sobre condiciones \u201cpotencialmente mortales\u201d en las islas debido a que los peligrosos vientos de Ragasa causaron inundaciones y deslizamientos de tierra.\n    <\/p>\n<p class=\"paragraph inline-placeholder vossi-paragraph\" data-uri=\"es.cms.cnn.com\/_components\/paragraph\/instances\/cmfvzdwsm000h356nfd6xq38z@published\" data-editable=\"text\" data-component-name=\"paragraph\" data-article-gutter=\"true\">\n            Un deslizamiento de tierra en Benguet, en la isla de Luz\u00f3n, mat\u00f3 a una persona y dej\u00f3 a varias heridas, seg\u00fan la Oficina de Informaci\u00f3n P\u00fablica de Tuba. Un video publicado por la Guardia Costera de Filipinas en Ilocos Norte, al norte de Luz\u00f3n, muestra a equipos rescatando familias de los fuertes vientos y la lluvia torrencial.\n    <\/p>\n<p class=\"paragraph inline-placeholder vossi-paragraph\" data-uri=\"es.cms.cnn.com\/_components\/paragraph\/instances\/cmfvzdwsm000i356n9xot8fg7@published\" data-editable=\"text\" data-component-name=\"paragraph\" data-article-gutter=\"true\">\n            M\u00e1s de 10.000 personas fueron evacuadas en el norte y centro de Luz\u00f3n antes de la tormenta, indic\u00f3 el Departamento del Interior y Gobierno Local de Filipinas en un comunicado.\n    <\/p>\n<p>       <img decoding=\"async\" src=\"https:\/\/www.europesays.com\/es\/wp-content\/uploads\/2025\/09\/ap25265840301770-20250923031844405.jpg\" alt=\"Los equipos de rescate ayudan a evacuar a los residentes a lo largo de un r\u00edo crecido, mientras el supertif\u00f3n Ragasa afecta a Salcedo, en la provincia de Ilocos Sur, en el norte de Filipinas, el 22 de septiembre de 2025.\" class=\"image__dam-img image__dam-img--loading\" onload=\"this.classList.remove('image__dam-img--loading')\" onerror=\"imageLoadError(this)\" height=\"800\" width=\"1200\" loading=\"lazy\"\/><\/p>\n<p class=\"paragraph inline-placeholder vossi-paragraph\" data-uri=\"es.cms.cnn.com\/_components\/paragraph\/instances\/cmfvzdwsm000j356nxdl0bmgn@published\" data-editable=\"text\" data-component-name=\"paragraph\" data-article-gutter=\"true\">\n            Un video de la isla Camigu\u00edn, publicado por el departamento, mostraba vientos intensos y agua del mar azotando las casas y una calle residencial. M\u00e1s al norte, im\u00e1genes grabadas por un residente mostraban r\u00e1fagas feroces de viento golpeando \u00e1rboles altos en la provincia de Batanes.\n    <\/p>\n<p class=\"paragraph inline-placeholder vossi-paragraph\" data-uri=\"es.cms.cnn.com\/_components\/paragraph\/instances\/cmfvzdwsn000k356n06izwlbv@published\" data-editable=\"text\" data-component-name=\"paragraph\" data-article-gutter=\"true\">\n            Las advertencias de lluvias intensas siguen vigentes para gran parte del norte de Filipinas, ya que las bandas externas de Ragasa contin\u00faan azotando el pa\u00eds, con m\u00e1s riesgos de inundaciones y deslizamientos de tierra posibles en Luz\u00f3n.\n    <\/p>\n<p class=\"paragraph inline-placeholder vossi-paragraph\" data-uri=\"es.cms.cnn.com\/_components\/paragraph\/instances\/cmfvzdwsn000l356n3ydykaoc@published\" data-editable=\"text\" data-component-name=\"paragraph\" data-article-gutter=\"true\">\n            Se espera que Ragasa contin\u00fae debilit\u00e1ndose lentamente a medida que se acerca a Hong Kong y el sur de China el martes y mi\u00e9rcoles, probablemente como el equivalente a un hurac\u00e1n de categor\u00eda 3 con vientos cercanos a 185 km\/h, seg\u00fan el JTWC.\n    <\/p>\n<p class=\"paragraph inline-placeholder vossi-paragraph\" data-uri=\"es.cms.cnn.com\/_components\/paragraph\/instances\/cmfvzdwsn000m356nb2ohgq4k@published\" data-editable=\"text\" data-component-name=\"paragraph\" data-article-gutter=\"true\">\n            La tormenta continuar\u00e1 movi\u00e9ndose hacia el oeste-noroeste, y finalmente tocar\u00e1 tierra en la parte occidental de la provincia de Guangdong el mi\u00e9rcoles por la noche, hora local.\n    <\/p>\n","protected":false},"excerpt":{"rendered":"CNN \u00a0\u2014\u00a0 Un tif\u00f3n enorme y poderoso se dirige hacia el sur de China despu\u00e9s de azotar Filipinas&hellip;\n","protected":false},"author":2,"featured_media":133462,"comment_status":"","ping_status":"","sticky":false,"template":"","format":"standard","meta":{"footnotes":""},"categories":[42],"tags":[1237,17,18,1615,13,14,11,61,62,63,64,19,20,9,10,15,16,42517,42518,12,21,22,65,66,67],"class_list":{"0":"post-133461","1":"post","2":"type-post","3":"status-publish","4":"format-standard","5":"has-post-thumbnail","7":"category-internacional","8":"tag-asia","9":"tag-breaking-news","10":"tag-breakingnews","11":"tag-china","12":"tag-featured-news","13":"tag-featurednews","14":"tag-headlines","15":"tag-internacional","16":"tag-international","17":"tag-international-news","18":"tag-internationalnews","19":"tag-latest-news","20":"tag-latestnews","21":"tag-news","22":"tag-noticias","23":"tag-noticias-destacadas","24":"tag-noticiasdestacadas","25":"tag-ragasa","26":"tag-supertifon","27":"tag-titulares","28":"tag-ultimas-noticias","29":"tag-ultimasnoticias","30":"tag-world","31":"tag-world-news","32":"tag-worldnews"},"share_on_mastodon":{"url":"","error":""},"_links":{"self":[{"href":"https:\/\/www.europesays.com\/es\/wp-json\/wp\/v2\/posts\/133461","targetHints":{"allow":["GET"]}}],"collection":[{"href":"https:\/\/www.europesays.com\/es\/wp-json\/wp\/v2\/posts"}],"about":[{"href":"https:\/\/www.europesays.com\/es\/wp-json\/wp\/v2\/types\/post"}],"author":[{"embeddable":true,"href":"https:\/\/www.europesays.com\/es\/wp-json\/wp\/v2\/users\/2"}],"replies":[{"embeddable":true,"href":"https:\/\/www.europesays.com\/es\/wp-json\/wp\/v2\/comments?post=133461"}],"version-history":[{"count":0,"href":"https:\/\/www.europesays.com\/es\/wp-json\/wp\/v2\/posts\/133461\/revisions"}],"wp:featuredmedia":[{"embeddable":true,"href":"https:\/\/www.europesays.com\/es\/wp-json\/wp\/v2\/media\/133462"}],"wp:attachment":[{"href":"https:\/\/www.europesays.com\/es\/wp-json\/wp\/v2\/media?parent=133461"}],"wp:term":[{"taxonomy":"category","embeddable":true,"href":"https:\/\/www.europesays.com\/es\/wp-json\/wp\/v2\/categories?post=133461"},{"taxonomy":"post_tag","embeddable":true,"href":"https:\/\/www.europesays.com\/es\/wp-json\/wp\/v2\/tags?post=133461"}],"curies":[{"name":"wp","href":"https:\/\/api.w.org\/{rel}","templated":true}]}}