{"id":133465,"date":"2025-09-23T08:40:08","date_gmt":"2025-09-23T08:40:08","guid":{"rendered":"https:\/\/www.europesays.com\/es\/133465\/"},"modified":"2025-09-23T08:40:08","modified_gmt":"2025-09-23T08:40:08","slug":"portal-de-noticias-del-gobierno-de-canarias-130","status":"publish","type":"post","link":"https:\/\/www.europesays.com\/es\/133465\/","title":{"rendered":"Portal de Noticias del Gobierno de Canarias"},"content":{"rendered":"<blockquote>\n<p>Cultura del Gobierno de Canarias presenta una iniciativa cuyo objetivo es utilizar la fotograf\u00eda como herramienta de expresi\u00f3n y reflexi\u00f3n colectiva<\/p>\n<p>Las sesiones tendr\u00e1n lugar entre octubre y noviembre en Santa Br\u00edgida, Puerto del Rosario y Arrecife, con car\u00e1cter gratuito<\/p>\n<\/blockquote>\n<p><strong>\u00bfC\u00f3mo son retratadas las mujeres, las personas LGBTQ+ o racializadas en Canarias? \u00bfQu\u00e9 narrativas se repiten y cu\u00e1les han sido hist\u00f3ricamente silenciadas? <a href=\"https:\/\/www.icdcultural.org\/\" rel=\"nofollow noopener\" target=\"_blank\">Cultura del Gobierno de Canarias<\/a> presenta los talleres de fotograf\u00eda \u2018Retratar para resistir\u2019, una propuesta dirigida a mujeres que pretende reflexionar acerca de estas cuestiones a trav\u00e9s de clases pr\u00e1cticas, te\u00f3ricas y expositivas. La iniciativa se desarrollar\u00e1 con car\u00e1cter gratuito y tendr\u00e1 lugar en los meses de octubre y noviembre en los municipios de Puerto del Rosario, en Fuerteventura; Santa Br\u00edgida, en Gran Canaria; y Arrecife, en Lanzarote.<\/strong><\/p>\n<p>Con un enfoque de g\u00e9nero e interculturalidad, los talleres se impartir\u00e1n en seis sesiones de 20 horas cada uno, est\u00e1n ideados para que las participantes compartan sus experiencias en un espacio did\u00e1ctico, participativo y seguro. Comenzar\u00e1n el 3 de octubre en Puerto del Rosario, el 9 de octubre en Santa Br\u00edgida y el 14 de noviembre de Arrecife. La inscripci\u00f3n puede realizarse a trav\u00e9s de www.icdcultural.org, en el apartado del programa Diversidad, Igualdad y Cultura.<\/p>\n<p>La finalidad de estos talleres que las participantes aprendan a contemplar la fotograf\u00eda como una herramienta de expresi\u00f3n y reflexi\u00f3n colectiva, permiti\u00e9ndoles compartir sus historias, visibilizar sus entornos y resignificar sus experiencias. A trav\u00e9s de esta pr\u00e1ctica, el proyecto busca fortalecer el tejido social y cultural de las islas, promoviendo el reconocimiento de identidades diversas y contribuyendo a una representaci\u00f3n m\u00e1s justa y plural en el \u00e1mbito art\u00edstico y social.<\/p>\n<p>Las sesiones estar\u00e1n dirigidas por tres profesionales que cuentan con una amplia experiencia en el campo fotogr\u00e1fico y art\u00edstico: Asiria \u00c1lvarez, fot\u00f3grafa y dise\u00f1adora gr\u00e1fica con perspectiva de g\u00e9nero; Nadia Mart\u00edn, periodista, fot\u00f3grafa y activista social y Adriana Sandec, artista pl\u00e1stica y fot\u00f3grafa.<\/p>\n<p>Las talleristas acompa\u00f1ar\u00e1n a las participantes en la producci\u00f3n final de un conjunto de obras fotogr\u00e1ficas individuales y colectivas. Estas producciones, resultantes del conjunto de sesiones, formar\u00e1n parte de una exposici\u00f3n colectiva itinerante, que pondr\u00e1 en valor las voces e im\u00e1genes de sus protagonistas, ampliando el panorama cultural de Canarias con perspectivas propias y transformadoras.<\/p>\n","protected":false},"excerpt":{"rendered":"Cultura del Gobierno de Canarias presenta una iniciativa cuyo objetivo es utilizar la fotograf\u00eda como herramienta de expresi\u00f3n&hellip;\n","protected":false},"author":2,"featured_media":133466,"comment_status":"","ping_status":"","sticky":false,"template":"","format":"standard","meta":{"footnotes":""},"categories":[5],"tags":[17,18,25,24,13,14,11,19,20,9,10,15,16,23,12,21,22],"class_list":{"0":"post-133465","1":"post","2":"type-post","3":"status-publish","4":"format-standard","5":"has-post-thumbnail","7":"category-titulares","8":"tag-breaking-news","9":"tag-breakingnews","10":"tag-es","11":"tag-espana","12":"tag-featured-news","13":"tag-featurednews","14":"tag-headlines","15":"tag-latest-news","16":"tag-latestnews","17":"tag-news","18":"tag-noticias","19":"tag-noticias-destacadas","20":"tag-noticiasdestacadas","21":"tag-spain","22":"tag-titulares","23":"tag-ultimas-noticias","24":"tag-ultimasnoticias"},"share_on_mastodon":{"url":"","error":""},"_links":{"self":[{"href":"https:\/\/www.europesays.com\/es\/wp-json\/wp\/v2\/posts\/133465","targetHints":{"allow":["GET"]}}],"collection":[{"href":"https:\/\/www.europesays.com\/es\/wp-json\/wp\/v2\/posts"}],"about":[{"href":"https:\/\/www.europesays.com\/es\/wp-json\/wp\/v2\/types\/post"}],"author":[{"embeddable":true,"href":"https:\/\/www.europesays.com\/es\/wp-json\/wp\/v2\/users\/2"}],"replies":[{"embeddable":true,"href":"https:\/\/www.europesays.com\/es\/wp-json\/wp\/v2\/comments?post=133465"}],"version-history":[{"count":0,"href":"https:\/\/www.europesays.com\/es\/wp-json\/wp\/v2\/posts\/133465\/revisions"}],"wp:featuredmedia":[{"embeddable":true,"href":"https:\/\/www.europesays.com\/es\/wp-json\/wp\/v2\/media\/133466"}],"wp:attachment":[{"href":"https:\/\/www.europesays.com\/es\/wp-json\/wp\/v2\/media?parent=133465"}],"wp:term":[{"taxonomy":"category","embeddable":true,"href":"https:\/\/www.europesays.com\/es\/wp-json\/wp\/v2\/categories?post=133465"},{"taxonomy":"post_tag","embeddable":true,"href":"https:\/\/www.europesays.com\/es\/wp-json\/wp\/v2\/tags?post=133465"}],"curies":[{"name":"wp","href":"https:\/\/api.w.org\/{rel}","templated":true}]}}