{"id":133469,"date":"2025-09-23T08:42:11","date_gmt":"2025-09-23T08:42:11","guid":{"rendered":"https:\/\/www.europesays.com\/es\/133469\/"},"modified":"2025-09-23T08:42:11","modified_gmt":"2025-09-23T08:42:11","slug":"el-dolor-de-un-torero-de-montcada","status":"publish","type":"post","link":"https:\/\/www.europesays.com\/es\/133469\/","title":{"rendered":"El dolor de un torero de Montcada"},"content":{"rendered":"<p class=\"voc-pretitle\">\n<p>los martes, toros\n<\/p>\n<p>Seraf\u00edn Mar\u00edn, el diestro de Montcada, se recupera en una cl\u00ednica madrile\u00f1a del grave percance que sufri\u00f3 el pasado domingo en la plaza de Las Ventas<\/p>\n<p><img fetchpriority=\"high\" class=\"voc-img\" src=\"https:\/\/www.europesays.com\/es\/wp-content\/uploads\/2025\/09\/DAMBin(1)-RNprOtTzdNZoDEkOjw6FKsK-1200x840@diario_abc.jpg\" loading=\"eager\" decoding=\"async\" alt=\"Momento de la cogida a Seraf\u00edn Mar\u00edn\" width=\"1200\" height=\"840\"\/><\/p>\n<p>Momento de la cogida a Seraf\u00edn Mar\u00edn    plaza1  <\/p>\n<p><img loading=\"lazy\" decoding=\"async\" class=\"voc-about-author__img\" src=\"https:\/\/www.europesays.com\/es\/wp-content\/uploads\/2025\/08\/autor-4921-avatar-opinion.jpeg\" width=\"170\" height=\"170\" alt=\"\u00c1ngel Gonz\u00e1lez Abad\"\/><\/p>\n<p class=\"voc-p\" style=\"\">\u00abTodo se trunca en una d\u00e9cima de segundo\u00bb. Son las palabras de un torero que se lamenta de todo menos del dolor f\u00edsico de una cornada de treinta cent\u00edmetros en su muslo. <strong>Seraf\u00edn Mar\u00edn<\/strong>, el diestro de Montcada, se recupera en una cl\u00ednica  &#8230; madrile\u00f1a del grave percance que sufri\u00f3 el pasado domingo en la plaza de Las Ventas.<\/p>\n<p class=\"voc-p\" style=\"\">Era la primera corrida del catal\u00e1n en una plaza espa\u00f1ola en la presente temporada, hace unas semanas tore\u00f3 en Per\u00fa como \u00fanica oportunidad para mantenerse vivo y relanzar su carrera. Y tuvo en el horizonte la tarde del 21 de septiembre en el coso madrile\u00f1o. \u00abLlega el d\u00eda clave para poder salvarte y en una d\u00e9cima de segundo todo se trunca\u00bb. No le duele la <strong>cornada<\/strong> que le asest\u00f3 el toro de Monteviejo nada m\u00e1s abrirse de capote, no se queja de la paliza que le dio cuando lo lanz\u00f3 al aire y lo busc\u00f3 en el suelo. Son los gajes del camino elegido. Su lamento es por la oportunidad perdida, por todo ese tiempo de espera, por las ilusi\u00f3n rota puesta en una fecha que pod\u00eda cambiar su suerte.<\/p>\n<p class=\"voc-p\" style=\"\">Seraf\u00edn Mar\u00edn se ha dejado mucho en la lucha por la libertad para la tauromaquia en su tierra, ha demostrado sobradamente sus cualidades como torero, y ahora que ve\u00eda una lucecita para volver al lugar que ya ocup\u00f3, en la primera embestida el toro Estafador se lo lleva por delante y lo deja gravemente herido. La cornada es lo de menos para Seraf\u00edn Mar\u00edn, que pena de rabia. \u00abMe han dicho que contar\u00e1n conmigo para la <strong>temporada pr\u00f3xima en Madrid<\/strong>\u00bb, ha declarado desde la cama del hospital. Esa es la fuerza que le va a hacer olvidar esa herida de treinta cent\u00edmetros y est\u00e1 tremenda paliza. Duele la vida.<\/p>\n<p><img loading=\"lazy\" decoding=\"async\" width=\"530\" height=\"64\" class=\"logo-premium\" src=\"data:image\/gif;base64,R0lGODlhAQABAAAAACH5BAEKAAEALAAAAAABAAEAAAICTAEAOw==\" alt=\"ABC Premium\"\/><br \/>\nL\u00edmite de sesiones alcanzadas<\/p>\n<ul class=\"listado\">\n<li>El acceso al contenido Premium est\u00e1 abierto por cortes\u00eda del establecimiento donde te encuentras, pero ahora mismo hay demasiados usuarios conectados a la vez. Por favor, int\u00e9ntalo pasados unos minutos.<\/li>\n<\/ul>\n<p>Volver a intentar<\/p>\n<p><img loading=\"lazy\" decoding=\"async\" width=\"530\" height=\"64\" class=\"logo-premium\" src=\"data:image\/gif;base64,R0lGODlhAQABAAAAACH5BAEKAAEALAAAAAABAAEAAAICTAEAOw==\" alt=\"ABC Premium\"\/><br \/>\nHas superado el l\u00edmite de sesiones<\/p>\n<ul class=\"listado\">\n<li>S\u00f3lo puedes tener tres sesiones iniciadas a la vez. Hemos cerrado la sesi\u00f3n m\u00e1s antigua para que sigas navegando sin l\u00edmites en el resto.<\/li>\n<\/ul>\n<p>Sigue navegando<\/p>\n<p>\nArt\u00edculo solo para suscriptores\n<\/p>\n<p>Reportar un error<\/p>\n","protected":false},"excerpt":{"rendered":"los martes, toros Seraf\u00edn Mar\u00edn, el diestro de Montcada, se recupera en una cl\u00ednica madrile\u00f1a del grave percance&hellip;\n","protected":false},"author":2,"featured_media":133470,"comment_status":"","ping_status":"","sticky":false,"template":"","format":"standard","meta":{"footnotes":""},"categories":[277],"tags":[373,168,7752,25,24,42522,23,167,374,1570],"class_list":{"0":"post-133469","1":"post","2":"type-post","3":"status-publish","4":"format-standard","5":"has-post-thumbnail","7":"category-toreo","8":"tag-bullfighting","9":"tag-deportes","10":"tag-dolor","11":"tag-es","12":"tag-espana","13":"tag-montcada","14":"tag-spain","15":"tag-sports","16":"tag-toreo","17":"tag-torero"},"share_on_mastodon":{"url":"","error":""},"_links":{"self":[{"href":"https:\/\/www.europesays.com\/es\/wp-json\/wp\/v2\/posts\/133469","targetHints":{"allow":["GET"]}}],"collection":[{"href":"https:\/\/www.europesays.com\/es\/wp-json\/wp\/v2\/posts"}],"about":[{"href":"https:\/\/www.europesays.com\/es\/wp-json\/wp\/v2\/types\/post"}],"author":[{"embeddable":true,"href":"https:\/\/www.europesays.com\/es\/wp-json\/wp\/v2\/users\/2"}],"replies":[{"embeddable":true,"href":"https:\/\/www.europesays.com\/es\/wp-json\/wp\/v2\/comments?post=133469"}],"version-history":[{"count":0,"href":"https:\/\/www.europesays.com\/es\/wp-json\/wp\/v2\/posts\/133469\/revisions"}],"wp:featuredmedia":[{"embeddable":true,"href":"https:\/\/www.europesays.com\/es\/wp-json\/wp\/v2\/media\/133470"}],"wp:attachment":[{"href":"https:\/\/www.europesays.com\/es\/wp-json\/wp\/v2\/media?parent=133469"}],"wp:term":[{"taxonomy":"category","embeddable":true,"href":"https:\/\/www.europesays.com\/es\/wp-json\/wp\/v2\/categories?post=133469"},{"taxonomy":"post_tag","embeddable":true,"href":"https:\/\/www.europesays.com\/es\/wp-json\/wp\/v2\/tags?post=133469"}],"curies":[{"name":"wp","href":"https:\/\/api.w.org\/{rel}","templated":true}]}}