{"id":133479,"date":"2025-09-23T08:49:08","date_gmt":"2025-09-23T08:49:08","guid":{"rendered":"https:\/\/www.europesays.com\/es\/133479\/"},"modified":"2025-09-23T08:49:08","modified_gmt":"2025-09-23T08:49:08","slug":"yo-no-me-acabo-de-creer-este-premio-claro-que-lo-merece-dembele-pero-pedri-juega-como-los-angeles-lamine-es-mas-atractivo-y-mbappe-es-mejor","status":"publish","type":"post","link":"https:\/\/www.europesays.com\/es\/133479\/","title":{"rendered":"Yo no me acabo de creer este premio. Claro que lo merece Demb\u00e9l\u00e9, pero Pedri juega como los \u00e1ngeles, Lamine es m\u00e1s atractivo y Mbapp\u00e9 es mejor"},"content":{"rendered":"<p data-gtm-element-container=\"modulo-texto-link\" class=\"paragraph\">El <strong>Bal\u00f3n de Oro<\/strong> provoca cada a\u00f1o m\u00faltiples debates y tiene muchos detractores que no conciben que se tenga que dar un premio individual en un juego colectivo, lo que convierte la elecci\u00f3n de un solo futbolista en algo subjetivo.<\/p>\n<p data-gtm-element-container=\"modulo-texto-link\" class=\"paragraph\">Uno de ellos es el exfutbolista del <strong>Real Madrid<\/strong> y comentarista ahora del programa <strong>&#8216;El Larguero&#8217;<\/strong> de la <strong>Cadena SER \u00c1lvaro Benito<\/strong>, quien dijo con naturalidad lo que piensa sinceramente sobre este galard\u00f3n.<\/p>\n<blockquote class=\"twitter-tweet\" data-lang=\"es\"><p>\n<a href=\"https:\/\/twitter.com\/ellarguero\/status\/1970261597873418447\" rel=\"nofollow noopener\" target=\"_blank\">\n<\/p><\/blockquote>\n<p data-gtm-element-container=\"modulo-texto-link\" class=\"paragraph\">\u00abEn los criterios para este premio s\u00ed que influyen los t\u00edtulos colectivos, y yo creo que siempre deber\u00eda ser as\u00ed. Pero luego, como es una valoraci\u00f3n puramente subjetiva de gente que vota, y que luego ves cuando ya se desgranan las votaciones de cada pa\u00eds, que cada uno barre para su tierra o tierras colindantes&#8230;\u00bb, afirm\u00f3.<\/p>\n<p data-gtm-element-container=\"modulo-texto-link\" class=\"paragraph\">Y a\u00f1adi\u00f3 que \u00abpues por eso yo no me acabo de creer este premio. Tampoco puede haber unos criterios muy objetivos\u00bb.<\/p>\n<p>    Lee tambi\u00e9n<\/p>\n<p data-gtm-element-container=\"modulo-texto-link\" class=\"paragraph\"><strong>Benito <\/strong>no duda de que <strong>Demb\u00e9l\u00e9<\/strong>\u00a0sea justo ganador. \u00abClaro que se merece <strong>Demb\u00e9l\u00e9<\/strong>. Ha hecho la mejor temporada de su carrera en un equipo, el <strong>PSG<\/strong>, que ha sido el mejor de <strong>Europa <\/strong>desde enero hasta final de temporada, haciendo un f\u00fatbol extraordinario y con muy buenos n\u00fameros\u00bb.<\/p>\n<p data-gtm-element-container=\"modulo-texto-link\" class=\"paragraph\">Eso s\u00ed, quiso dejar claro \u00abque <strong>Pedri<\/strong> juega al f\u00fatbol como los \u00e1ngeles no hay ninguna duda. Que <strong>Lamine Yamal<\/strong> es un jugador m\u00e1s atractivo, pues seguramente. Que <strong>Mbapp\u00e9<\/strong> me parece mejor jugador que <strong>Demb\u00e9l\u00e9<\/strong>, pues lo es. Por potencialidad, los dos mejores atacantes del mundo sean <strong>Mbapp\u00e9 <\/strong>y <strong>Lamine Yamal<\/strong>. Pero poco m\u00e1s podemos decir de los t\u00edtulos individuales\u00bb.<\/p>\n<p><script async src=\"https:\/\/platform.twitter.com\/widgets.js\" charset=\"utf-8\"><\/script><\/p>\n","protected":false},"excerpt":{"rendered":"El Bal\u00f3n de Oro provoca cada a\u00f1o m\u00faltiples debates y tiene muchos detractores que no conciben que se&hellip;\n","protected":false},"author":2,"featured_media":133480,"comment_status":"","ping_status":"","sticky":false,"template":"","format":"standard","meta":{"footnotes":""},"categories":[268],"tags":[168,25,24,280,282,281,23,167],"class_list":{"0":"post-133479","1":"post","2":"type-post","3":"status-publish","4":"format-standard","5":"has-post-thumbnail","7":"category-futbol","8":"tag-deportes","9":"tag-es","10":"tag-espana","11":"tag-football","12":"tag-futbol","13":"tag-soccer","14":"tag-spain","15":"tag-sports"},"share_on_mastodon":{"url":"","error":""},"_links":{"self":[{"href":"https:\/\/www.europesays.com\/es\/wp-json\/wp\/v2\/posts\/133479","targetHints":{"allow":["GET"]}}],"collection":[{"href":"https:\/\/www.europesays.com\/es\/wp-json\/wp\/v2\/posts"}],"about":[{"href":"https:\/\/www.europesays.com\/es\/wp-json\/wp\/v2\/types\/post"}],"author":[{"embeddable":true,"href":"https:\/\/www.europesays.com\/es\/wp-json\/wp\/v2\/users\/2"}],"replies":[{"embeddable":true,"href":"https:\/\/www.europesays.com\/es\/wp-json\/wp\/v2\/comments?post=133479"}],"version-history":[{"count":0,"href":"https:\/\/www.europesays.com\/es\/wp-json\/wp\/v2\/posts\/133479\/revisions"}],"wp:featuredmedia":[{"embeddable":true,"href":"https:\/\/www.europesays.com\/es\/wp-json\/wp\/v2\/media\/133480"}],"wp:attachment":[{"href":"https:\/\/www.europesays.com\/es\/wp-json\/wp\/v2\/media?parent=133479"}],"wp:term":[{"taxonomy":"category","embeddable":true,"href":"https:\/\/www.europesays.com\/es\/wp-json\/wp\/v2\/categories?post=133479"},{"taxonomy":"post_tag","embeddable":true,"href":"https:\/\/www.europesays.com\/es\/wp-json\/wp\/v2\/tags?post=133479"}],"curies":[{"name":"wp","href":"https:\/\/api.w.org\/{rel}","templated":true}]}}