{"id":133481,"date":"2025-09-23T08:50:10","date_gmt":"2025-09-23T08:50:10","guid":{"rendered":"https:\/\/www.europesays.com\/es\/133481\/"},"modified":"2025-09-23T08:50:10","modified_gmt":"2025-09-23T08:50:10","slug":"edad-su-pareja-y-a-que-se-dedica-el-hijo-de-marilo-montero-y-carlos-herrera","status":"publish","type":"post","link":"https:\/\/www.europesays.com\/es\/133481\/","title":{"rendered":"edad, su pareja y a qu\u00e9 se dedica el hijo de Maril\u00f3 Montero y Carlos Herrera"},"content":{"rendered":"<p>A sus 33 a\u00f1os, <strong>Alberto Herrera<\/strong> se ha convertido en uno de los grandes iconos de la cr\u00f3nica social. Como todo el mundo sabe, disfruta de una relaci\u00f3n estupenda con sus padres, <strong>Carlos Herrera y Maril\u00f3 Montero<\/strong>. Tanto es as\u00ed que \u00e9l tambi\u00e9n se dedica a los medios de comunicaci\u00f3n y ha realizado grandes proyectos desde que termin\u00f3 sus estudios en la <strong>Universidad CEU San Pablo<\/strong>. En las \u00faltimas semanas todo el mundo est\u00e1 hablando de \u00e9l gracias a los avances que ha hecho en <a href=\"https:\/\/okdiario.com\/look\/actualidad\/blanca-llandres-alberto-herrera-anuncian-que-esperan-primer-hijo-antes-boda-2373269\" rel=\"nofollow noopener\" target=\"_blank\">su relaci\u00f3n con Blanca Llandres<\/a>. La pareja pasar\u00e1 por el altar el pr\u00f3ximo 18 de octubre en Sanl\u00facar de Barrameda y han organizado una ceremonia religiosa a la que asistir\u00e1n sus amigos y familiares m\u00e1s cercanos.<\/p>\n<p>En OKDIARIO hemos conseguido algunos datos importantes sobre el evento que reunir\u00e1 a Maril\u00f3 Montero y Carlos Herrera. Tal y como hemos podido saber,<strong> Blanca Llandres<\/strong> lucir\u00e1 un vestido creado por Nicol\u00e1s Montenegro con la colaboraci\u00f3n de <a href=\"https:\/\/okdiario.com\/look\/actualidad\/rocio-crusset-desvela-cual-verdadera-relacion-blanca-llandres-cunada-no-tiene-harta-2375064\" rel=\"nofollow noopener\" target=\"_blank\">Roc\u00edo Crusset<\/a>, su cu\u00f1ada. Este detalle demuestra el fant\u00e1stico v\u00ednculo que hay entre ellas, de hecho, Roc\u00edo ha confirmado en varias ocasiones que Blanca encaj\u00f3 perfectamente en su medi\u00e1tico clan desde el primer momento. Tambi\u00e9n hay que tener en cuenta que<strong> la novia pronunciar\u00e1 el esperado \u00absi, quiero\u00bb estando embarazada<\/strong> de varios meses. Es decir, dentro de muy poco Maril\u00f3 y Carlos se convertir\u00e1n en abuelos.<\/p>\n<p>\u00bfQui\u00e9n es Blanca Llandres?<\/p>\n<p><a href=\"https:\/\/okdiario.com\/look\/actualidad\/dia-que-alberto-herrera-estuvo-punto-perder-blanca-llandres-fui-cobarde-2374290\" rel=\"nofollow noopener\" target=\"_blank\">Blanca Llandres es una joven sevillana perteneciente a un prestigioso c\u00edrculo social<\/a>, donde mantiene una estrecha amistad con familias tan conocidas como la de <strong>Francisco Rivera y Lourdes Montes<\/strong>, con quienes ha compartido momentos familiares. Graduada en Psicolog\u00eda por la Universidad Loyola, ha complementado su formaci\u00f3n con cursos de Integraci\u00f3n Social, Secretariado, Comercio y Marketing, lo que le ha permitido construir un perfil profesional vers\u00e1til y con gran proyecci\u00f3n. A lo largo de su trayectoria, ha trabajado en diferentes consultoras del \u00e1rea de Recursos Humanos, un \u00e1mbito en el que se ha consolidado, y desde octubre de 2023 desempe\u00f1a el cargo de <strong>consultora de Recursos Humanos y Desarrollo de Negocios en Voltae Engineering<\/strong>, una compa\u00f1\u00eda especializada en alta tensi\u00f3n, energ\u00edas renovables y agua.<\/p>\n<p>Aunque su carrera se centra principalmente en el mundo empresarial, Blanca tambi\u00e9n ha explorado otras facetas, como el modelaje, en el que ha dejado constancia de su gran talento. De hecho, en 2020 form\u00f3 parte del cat\u00e1logo de novias de la firma <strong>Fiancee Couture<\/strong>, mostrando su versatilidad m\u00e1s all\u00e1 de lo acad\u00e9mico y profesional. Su presencia en redes sociales refleja tambi\u00e9n esa capacidad que tiene para despertar el inter\u00e9s del p\u00fablico.<\/p>\n<p><img loading=\"lazy\" decoding=\"async\" class=\"size-medium wp-image-15453181\" alt=\"\" width=\"620\" height=\"349\"  src=\"https:\/\/www.europesays.com\/es\/wp-content\/uploads\/2025\/09\/alberto-herrera-y-su-novia-blanca-620x349.jpg\" \/> Alberto Herrera y su novia Blanca. (Foto: Gtres)<\/p>\n<p>Siempre ha intentado estar al margen de la cr\u00f3nica del coraz\u00f3n, pero es imposible dejar de hablar de ella en determinadas circunstancias, como por ejemplo ahora, que est\u00e1 a menos de un mes de convertirse en la nuera oficial de <a href=\"https:\/\/okdiario.com\/noticias\/marilo-montero\/\" rel=\"nofollow noopener\" target=\"_blank\">Maril\u00f3 Montero<\/a>. Esta \u00faltima est\u00e1 encantada con su presencia, por eso, cuando la revista \u00a1Hola!, le pregunt\u00f3 por ella, declar\u00f3: \u00abAlberto, al trabajar en la radio, madruga mucho, se va a dormir muy pronto, entonces le resultaba muy dif\u00edcil encontrar a alguien que tuviera sus mismos horarios y <strong>Blanca, afortunadamente, los tiene<\/strong>. Est\u00e1n encantados el uno con el otro, muy felices, los veo muy bien, la verdad\u00bb.<\/p>\n<p>El lado m\u00e1s personal de Alberto Herrera<\/p>\n<p>Ahora que conocemos mejor a Blanca, podemos poner el foco en el otro integrante de esta noticia. En el plano personal, Alberto Herrera siempre ha optado por un perfil discreto, a pesar de que sus padres,<strong> Carlos Herrera y Maril\u00f3 Montero<\/strong>, son sido figuras muy conocidas. Ese af\u00e1n por mantener cierta normalidad en su vida le ha permitido construir un recorrido propio, marcado por la combinaci\u00f3n entre formaci\u00f3n acad\u00e9mica, inquietudes profesionales y pasi\u00f3n por la radio.<\/p>\n<p>Aunque estudi\u00f3 <strong>Administraci\u00f3n y Direcci\u00f3n de Empresas<\/strong> en la Universidad CEU San Pablo, su verdadera vocaci\u00f3n siempre ha estado ligada a la comunicaci\u00f3n, un mundo que conoci\u00f3 desde ni\u00f1o y que acab\u00f3 por convertirse en una se\u00f1a de identidad personal. En varias ocasiones ha subrayado que la radio forma parte de su vida de manera natural, ya que creci\u00f3 entre estudios de grabaci\u00f3n y micr\u00f3fonos, lo que explica que hoy sea una de las voces habituales de COPE, donde no solo colabora, sino que incluso<strong> sustituye a su padre<\/strong> en la direcci\u00f3n del programa cuando este se ausenta.<\/p>\n<p>Amante del deporte y con buenos amigos<\/p>\n<p>M\u00e1s all\u00e1 de lo estrictamente laboral, <strong>Alberto ha sabido equilibrar su vida personal con sus m\u00faltiples intereses<\/strong>. Es un apasionado del deporte, con especial devoci\u00f3n por el f\u00fatbol y el esqu\u00ed, actividades que practica con frecuencia y que comparte con su c\u00edrculo cercano de amistades, entre las que destacan Jaime y Marcos, hijos de Jos\u00e9 Manuel Soto. Reconocido seguidor del Real Betis Balompi\u00e9, ha llegado incluso a implicarse en el \u00e1mbito deportivo como vicepresidente del <strong>Club Atl\u00e9tico Central<\/strong>, un proyecto al que dedica parte de su tiempo.<\/p>\n<p>En su faceta m\u00e1s familiar, participa tambi\u00e9n en los negocios de su entorno, como la empresa de joyas de su hermana <strong>Roc\u00edo Crusset<\/strong>, y gestiona junto a ellos el <strong>Grupo Herrera Crusset<\/strong>, el holding familiar. De este modo, Alberto combina su pasi\u00f3n por la comunicaci\u00f3n y el deporte con un <strong>perfil empresarial<\/strong> s\u00f3lido, siempre con la premisa de mantenerse fiel a sus valores. Esa es la clave de su \u00e9xito.<\/p>\n","protected":false},"excerpt":{"rendered":"A sus 33 a\u00f1os, Alberto Herrera se ha convertido en uno de los grandes iconos de la cr\u00f3nica&hellip;\n","protected":false},"author":2,"featured_media":133482,"comment_status":"","ping_status":"","sticky":false,"template":"","format":"standard","meta":{"footnotes":""},"categories":[174],"tags":[255,146,147,25,24,256,23],"class_list":{"0":"post-133481","1":"post","2":"type-post","3":"status-publish","4":"format-standard","5":"has-post-thumbnail","7":"category-famosos","8":"tag-celebrities","9":"tag-entertainment","10":"tag-entretenimiento","11":"tag-es","12":"tag-espana","13":"tag-famosos","14":"tag-spain"},"share_on_mastodon":{"url":"","error":""},"_links":{"self":[{"href":"https:\/\/www.europesays.com\/es\/wp-json\/wp\/v2\/posts\/133481","targetHints":{"allow":["GET"]}}],"collection":[{"href":"https:\/\/www.europesays.com\/es\/wp-json\/wp\/v2\/posts"}],"about":[{"href":"https:\/\/www.europesays.com\/es\/wp-json\/wp\/v2\/types\/post"}],"author":[{"embeddable":true,"href":"https:\/\/www.europesays.com\/es\/wp-json\/wp\/v2\/users\/2"}],"replies":[{"embeddable":true,"href":"https:\/\/www.europesays.com\/es\/wp-json\/wp\/v2\/comments?post=133481"}],"version-history":[{"count":0,"href":"https:\/\/www.europesays.com\/es\/wp-json\/wp\/v2\/posts\/133481\/revisions"}],"wp:featuredmedia":[{"embeddable":true,"href":"https:\/\/www.europesays.com\/es\/wp-json\/wp\/v2\/media\/133482"}],"wp:attachment":[{"href":"https:\/\/www.europesays.com\/es\/wp-json\/wp\/v2\/media?parent=133481"}],"wp:term":[{"taxonomy":"category","embeddable":true,"href":"https:\/\/www.europesays.com\/es\/wp-json\/wp\/v2\/categories?post=133481"},{"taxonomy":"post_tag","embeddable":true,"href":"https:\/\/www.europesays.com\/es\/wp-json\/wp\/v2\/tags?post=133481"}],"curies":[{"name":"wp","href":"https:\/\/api.w.org\/{rel}","templated":true}]}}