{"id":133487,"date":"2025-09-23T08:53:08","date_gmt":"2025-09-23T08:53:08","guid":{"rendered":"https:\/\/www.europesays.com\/es\/133487\/"},"modified":"2025-09-23T08:53:08","modified_gmt":"2025-09-23T08:53:08","slug":"tudelana-sorprende-a-malu-en-las-primeras-audiciones-a-ciegas-de-la-voz","status":"publish","type":"post","link":"https:\/\/www.europesays.com\/es\/133487\/","title":{"rendered":"Tudelana sorprende a Mal\u00fa en las primeras audiciones a ciegas de &#8216;La Voz&#8217;"},"content":{"rendered":"<p>\n        Este pasado viernes, 19 de septiembre, lleg\u00f3 la nueva temporada de &#8216;<a href=\"https:\/\/www.noticiasdenavarra.com\/tags\/la-voz\/\" title=\"La Voz\" target=\"_blank\" class=\"link copy\" rel=\"nofollow noopener\"><strong>La Voz<\/strong><\/a>&#8216;. La s\u00e9ptima temporada del concurso de Antena 3 se estren\u00f3 por todo lo alto. \u00abLos\u00a0<strong>coaches<\/strong>\u00a0se subieron al escenario para interpretar \u2018La ni\u00f1a de la linterna\u2019 y \u2018<strong>Love today<\/strong>\u2019, dos versiones \u00fanicas que hicieron\u00a0<strong>vibrar el plat\u00f3<\/strong>\u00a0como nunca\u00bb, relataban desde le propio programa.\n<\/p>\n<p>  <strong>Mal\u00fa, Pablo L\u00f3pez, <\/strong>Sebasti\u00e1n Yatra<strong> <\/strong>y <strong>Mika<\/strong><\/p>\n<p class=\"article-body__text \">\n        Una nueva edici\u00f3n que contar\u00e1, como viene siendo habitual, con <strong>Eva Gonz\u00e1lez <\/strong>como presentadora, y con<strong>\u00a0Mal\u00fa, Pablo L\u00f3pez, <\/strong><a href=\"https:\/\/www.noticiasdenavarra.com\/tags\/sebastian-yatra\/\" title=\"Sebasti\u00e1n Yatra\" target=\"_blank\" class=\"link copy\" rel=\"nofollow noopener\"><strong>Sebasti\u00e1n Yatra<\/strong><\/a><strong> <\/strong>y, como novedad, <strong>Mika<\/strong> como coaches. \u00abLas primeras de\u00a0<strong>Audiciones a ciegas<\/strong>\u00a0dejaron una gala repleta de novedades con el\u00a0<strong>Llego y canto<\/strong>\u00a0y el\u00a0<strong>bot\u00f3n del arrepentimiento<\/strong>. Dos nuevas mec\u00e1nicas que sorprendieron al p\u00fablico y a los coaches. Entre novedades, momentazos y actuaciones llenas de emoci\u00f3n, los coaches Mal\u00fa, Pablo L\u00f3pez, Sebasti\u00e1n Yatra y Mika <strong>inauguraron sus equipos con mucho nivel <\/strong>y grandes voces dispuestas a conquistar el concurso\u00bb, contaban desde el programa de Atresmedia.\n<\/p>\n<p>  Una navarra arriesga y gana en las primeras audiciones a ciegas de &#8216;La Voz&#8217;<\/p>\n<p class=\"article-body__text \">\n        Una de las grandes protagonistas de la noche fue la tudelana <strong>Perla Yaquira, <\/strong>cuyo nombre art\u00edstico es\u00a0<strong>Khimuke<\/strong>. \u00abPerla <strong>descubri\u00f3 la m\u00fasica gracias a su madre<\/strong>, que ha sido su gran influencia en la m\u00fasica. Dej\u00f3 su vida y su gran pasi\u00f3n, la m\u00fasica, por una historia de amor que no sali\u00f3 bien y, despu\u00e9s de perderlo todo, se dio cuenta de que<strong> la <\/strong><a href=\"https:\/\/www.noticiasdenavarra.com\/tags\/musica\/\" title=\"m\u00fasica\" target=\"_blank\" class=\"link copy\" rel=\"nofollow noopener\"><strong>m\u00fasica<\/strong><\/a><strong> no era s\u00f3lo un sue\u00f1o; era su manera de vivir<\/strong>. Recuper\u00f3 su camino art\u00edstico gracias al apoyo de su entorno y su pasi\u00f3n por el escenario y hoy vive dedicada completamente a la m\u00fasica\u00bb, contaban desde &#8216;La Voz&#8217;.\n<\/p>\n<p class=\"article-body__text \">\n        Perla interpret\u00f3 \u2018<strong>Si antes te hubiera conocido<\/strong>\u2019 de<strong>\u00a0<\/strong><a href=\"https:\/\/www.noticiasdenavarra.com\/tags\/karol-g\/\" title=\"Karol G\" target=\"_blank\" class=\"link copy\" rel=\"nofollow noopener\"><strong>Karol G<\/strong><\/a> en las primeras audiciones a ciegas de <strong>&#8216;La Voz&#8217;. \u00ab<\/strong>Su voz especial llam\u00f3 la atenci\u00f3n desde el primer momento, aunque los nervios le jugaron una mala pasada y lleg\u00f3 a perderse en alg\u00fan momento de la canci\u00f3n. Aun as\u00ed, la actuaci\u00f3n transmiti\u00f3 la esencia de una artista con mucho por mostrar.\u00a0<strong>Mal\u00fa<\/strong>\u00a0fue la coach que m\u00e1s conect\u00f3 con ella y por eso puls\u00f3 el bot\u00f3n\u00bb, explicaban desde el programa.\n<\/p>\n<p class=\"article-body__text \">\n        \u00abTengo una canci\u00f3n incre\u00edble y cuando yo la canto, no es mi canci\u00f3n, no nos hacemos una. Hay otras canciones que pasan m\u00e1s desapercibidas y cuando nos unimos crecen. Creo que hoy aqu\u00ed no era este momento y no era esta canci\u00f3n, pero creo que <strong>tienes algo muy importante que has dejado entrever<\/strong>\u00ab, le dec\u00eda Mal\u00fa una vez finalizada la actuaci\u00f3n.<\/p>\n","protected":false},"excerpt":{"rendered":"Este pasado viernes, 19 de septiembre, lleg\u00f3 la nueva temporada de &#8216;La Voz&#8216;. La s\u00e9ptima temporada del concurso&hellip;\n","protected":false},"author":2,"featured_media":133488,"comment_status":"","ping_status":"","sticky":false,"template":"","format":"standard","meta":{"footnotes":""},"categories":[171],"tags":[42531,42246,146,147,25,24,1783,7960,1640,6924,23,42530,214,1447],"class_list":{"0":"post-133487","1":"post","2":"type-post","3":"status-publish","4":"format-standard","5":"has-post-thumbnail","7":"category-tv","8":"tag-a-ciegas","9":"tag-audiciones","10":"tag-entertainment","11":"tag-entretenimiento","12":"tag-es","13":"tag-espana","14":"tag-la","15":"tag-malu","16":"tag-primeras","17":"tag-sorprende","18":"tag-spain","19":"tag-tudelana","20":"tag-tv","21":"tag-voz"},"share_on_mastodon":{"url":"","error":""},"_links":{"self":[{"href":"https:\/\/www.europesays.com\/es\/wp-json\/wp\/v2\/posts\/133487","targetHints":{"allow":["GET"]}}],"collection":[{"href":"https:\/\/www.europesays.com\/es\/wp-json\/wp\/v2\/posts"}],"about":[{"href":"https:\/\/www.europesays.com\/es\/wp-json\/wp\/v2\/types\/post"}],"author":[{"embeddable":true,"href":"https:\/\/www.europesays.com\/es\/wp-json\/wp\/v2\/users\/2"}],"replies":[{"embeddable":true,"href":"https:\/\/www.europesays.com\/es\/wp-json\/wp\/v2\/comments?post=133487"}],"version-history":[{"count":0,"href":"https:\/\/www.europesays.com\/es\/wp-json\/wp\/v2\/posts\/133487\/revisions"}],"wp:featuredmedia":[{"embeddable":true,"href":"https:\/\/www.europesays.com\/es\/wp-json\/wp\/v2\/media\/133488"}],"wp:attachment":[{"href":"https:\/\/www.europesays.com\/es\/wp-json\/wp\/v2\/media?parent=133487"}],"wp:term":[{"taxonomy":"category","embeddable":true,"href":"https:\/\/www.europesays.com\/es\/wp-json\/wp\/v2\/categories?post=133487"},{"taxonomy":"post_tag","embeddable":true,"href":"https:\/\/www.europesays.com\/es\/wp-json\/wp\/v2\/tags?post=133487"}],"curies":[{"name":"wp","href":"https:\/\/api.w.org\/{rel}","templated":true}]}}