{"id":133491,"date":"2025-09-23T08:56:10","date_gmt":"2025-09-23T08:56:10","guid":{"rendered":"https:\/\/www.europesays.com\/es\/133491\/"},"modified":"2025-09-23T08:56:10","modified_gmt":"2025-09-23T08:56:10","slug":"lamine-yamal-y-vicky-lopez-ganan-el-trofeo-kopa","status":"publish","type":"post","link":"https:\/\/www.europesays.com\/es\/133491\/","title":{"rendered":"Lamine Yamal y Vicky L\u00f3pez ganan el Trofeo Kopa"},"content":{"rendered":"<p>bal\u00f3n de oro<\/p>\n<p>El jugador del FC Barcelona y de la selecci\u00f3n espa\u00f1ola Lamine Yamal ha ganado este lunes el Trofeo Kopa a mejor jugador masculino Sub-21, en el marco de la gala del Bal\u00f3n de Oro, y ha revalidado as\u00ed el honor que ya gan\u00f3 en 2024, por lo que a sus 18 a\u00f1os sigue en el trono de mejor jugador joven del mundo, mientras que la tambi\u00e9n blaugrana y espa\u00f1ola Vicky L\u00f3pez ha ganado la primera edici\u00f3n femenina del Trofeo Kopa.<\/p>\n<p class=\"articleSignature-name\"> Europa Press <\/p>\n<p class=\"articleSignature-datecontent\">Madrid | <strong>23.09.2025 09:53 <\/strong><\/p>\n<p><img loading=\"lazy\" decoding=\"async\" title=\"Lamine Yamal y Vicky L\u00f3pez ganan el Trofeo Kopa\" alt=\"Lamine Yamal y Vicky L\u00f3pez ganan el Trofeo Kopa\" width=\"480\" height=\"270\" src=\"https:\/\/www.europesays.com\/es\/wp-content\/uploads\/2025\/09\/lamine-yamal-vicky-lopez-ganan-trofeo-kopa_70.jpg\"\/>Lamine Yamal y Vicky L\u00f3pez ganan el Trofeo Kopa | Agencia EFE<\/p>\n","protected":false},"excerpt":{"rendered":"bal\u00f3n de oro El jugador del FC Barcelona y de la selecci\u00f3n espa\u00f1ola Lamine Yamal ha ganado este&hellip;\n","protected":false},"author":2,"featured_media":133492,"comment_status":"","ping_status":"","sticky":false,"template":"","format":"standard","meta":{"footnotes":""},"categories":[93],"tags":[168,25,24,23,167],"class_list":{"0":"post-133491","1":"post","2":"type-post","3":"status-publish","4":"format-standard","5":"has-post-thumbnail","7":"category-deportes","8":"tag-deportes","9":"tag-es","10":"tag-espana","11":"tag-spain","12":"tag-sports"},"share_on_mastodon":{"url":"","error":""},"_links":{"self":[{"href":"https:\/\/www.europesays.com\/es\/wp-json\/wp\/v2\/posts\/133491","targetHints":{"allow":["GET"]}}],"collection":[{"href":"https:\/\/www.europesays.com\/es\/wp-json\/wp\/v2\/posts"}],"about":[{"href":"https:\/\/www.europesays.com\/es\/wp-json\/wp\/v2\/types\/post"}],"author":[{"embeddable":true,"href":"https:\/\/www.europesays.com\/es\/wp-json\/wp\/v2\/users\/2"}],"replies":[{"embeddable":true,"href":"https:\/\/www.europesays.com\/es\/wp-json\/wp\/v2\/comments?post=133491"}],"version-history":[{"count":0,"href":"https:\/\/www.europesays.com\/es\/wp-json\/wp\/v2\/posts\/133491\/revisions"}],"wp:featuredmedia":[{"embeddable":true,"href":"https:\/\/www.europesays.com\/es\/wp-json\/wp\/v2\/media\/133492"}],"wp:attachment":[{"href":"https:\/\/www.europesays.com\/es\/wp-json\/wp\/v2\/media?parent=133491"}],"wp:term":[{"taxonomy":"category","embeddable":true,"href":"https:\/\/www.europesays.com\/es\/wp-json\/wp\/v2\/categories?post=133491"},{"taxonomy":"post_tag","embeddable":true,"href":"https:\/\/www.europesays.com\/es\/wp-json\/wp\/v2\/tags?post=133491"}],"curies":[{"name":"wp","href":"https:\/\/api.w.org\/{rel}","templated":true}]}}