{"id":133499,"date":"2025-09-23T09:03:17","date_gmt":"2025-09-23T09:03:17","guid":{"rendered":"https:\/\/www.europesays.com\/es\/133499\/"},"modified":"2025-09-23T09:03:17","modified_gmt":"2025-09-23T09:03:17","slug":"altri-reactivo-a-la-denegacion-de-la-conexion-electrica-es","status":"publish","type":"post","link":"https:\/\/www.europesays.com\/es\/133499\/","title":{"rendered":"Altri: Reactivo a la denegaci\u00f3n de la conexi\u00f3n el\u00e9ctrica &#8211; ES"},"content":{"rendered":"<p>EN GALEGO, <a href=\"https:\/\/es.greenpeace.org\/gl\/sala-de-prensa\/comunicados\/greenpeace-pide-a-xunta-que-non-autorice-o-proxecto-de-altri-ao-quedar-sen-conexion-electrica\/\" rel=\"nofollow noopener\" target=\"_blank\">AQU\u00cd<\/a><\/p>\n<p>Ante el anuncio, adelantado ayer por el secretario xeral del PSdeG, Xos\u00e9 Ram\u00f3n G\u00f3mez Besteiro, y <strong>a la espera de confirmaci\u00f3n oficial de que la planta de celulosa de Altri\/Greenfiber quedar\u00e1 excluida de la planificaci\u00f3n el\u00e9ctrica 2025-30 por parte del Gobierno central, Greenpeace pide a la Xunta que no autorice el proyecto al carecer del necesario refuerzo el\u00e9ctrico<\/strong>. Aunque la empresa podr\u00e1 presentar alegaciones, Greenpeace espera que el Gobierno se ratifique en su decisi\u00f3n al ser un proyecto altamente lesivo desde el punto de vista ambiental y contrario a la transici\u00f3n ecol\u00f3gica.<\/p>\n<p>El proyecto de Altri, tal y como se informa en la Declaraci\u00f3n de Impacto Ambiental (DIA) publicada el pasado 14 de marzo, tiene una demanda el\u00e9ctrica estimada 5 MW durante la fase de obras, pero necesita de 110 MW durante la fase de explotaci\u00f3n, por lo que requiere una subestaci\u00f3n el\u00e9ctrica y un permiso de conexi\u00f3n para una futura l\u00ednea de alta tensi\u00f3n de 220 kW que ni siquiera fue objeto de la DIA. <strong>Esta conexi\u00f3n no entra en los planes del Gobierno central, al parecer por no cumplir los requisitos t\u00e9cnicos y ambientales.\u00a0<\/strong><\/p>\n<p>Esta exclusi\u00f3n de la planificaci\u00f3n el\u00e9ctrica se suma a la denegaci\u00f3n de fondos PERTE de descarbonizaci\u00f3n, en cuya convocatoria el proyecto de macrocelulosa de Altri obtuvo la segunda peor puntuaci\u00f3n al no garantizar una reducci\u00f3n de emisiones suficiente y usar demasiados combustibles f\u00f3siles, entre otros aspectos. Tampoco parece que la \u201cexigencia\u201d por parte de la empresa y la propia Xunta de Galicia de hasta 250 millones de euros de fondos p\u00fablicos para el proyecto vaya a tener el visto bueno del Gobierno central, tal y como afirm\u00f3 la ministra para la Transici\u00f3n Ecol\u00f3gica y el Reto Demogr\u00e1fico y vicepresidenta tercera, <strong>Sara Aagesen,<\/strong> en Vigo el pasado junio. De igual manera, la v\u00eda del Banco Europeo de Inversiones (BEI) tampoco parece una posibilidad para que Altri consiga dinero p\u00fablico, seg\u00fan declaraciones de su presidenta, Nadia Calvi\u00f1o, el pasado agosto.<\/p>\n<p>\u201cLa macrocelulosa de Altri ya deber\u00eda haber sido rechazada hace tiempo por sus graves afectaciones ambientales y por el enorme rechazo social generado. Se ha insistido en impulsar un proyecto que no viene a sumar nada a la sostenibilidad futura de la industria gallega y que ha generado un conflicto social de gran calado que Galicia no se merece. <strong>Los indicios de su inviabilidad desde todos los puntos de vista son cada d\u00eda m\u00e1s palpables.<\/strong> No va a tener suficiente materia prima si no se abre un nuevo ciclo de plantaci\u00f3n de eucalipto; no va a tener electricidad suficiente sin conexi\u00f3n el\u00e9ctrica; no va a tener agua porque no se pueden obviar los futuros impactos del cambio clim\u00e1tico y existen incluso serias dudas de que vaya a tener mercado para tal cantidad de producto final. Es una burbuja y, como tal, mejor que estalle antes de que los pasivos sociales, ambientales y econ\u00f3micos los tenga que asumir, como siempre, la ciudadan\u00eda\u201d, ha afirmado<strong> Manoel Santos<\/strong>, coordinador de Greenpeace en Galicia.<\/p>\n","protected":false},"excerpt":{"rendered":"EN GALEGO, AQU\u00cd Ante el anuncio, adelantado ayer por el secretario xeral del PSdeG, Xos\u00e9 Ram\u00f3n G\u00f3mez Besteiro,&hellip;\n","protected":false},"author":2,"featured_media":133500,"comment_status":"","ping_status":"","sticky":false,"template":"","format":"standard","meta":{"footnotes":""},"categories":[5],"tags":[17,18,25,24,13,14,11,19,20,9,10,15,16,23,12,21,22],"class_list":{"0":"post-133499","1":"post","2":"type-post","3":"status-publish","4":"format-standard","5":"has-post-thumbnail","7":"category-titulares","8":"tag-breaking-news","9":"tag-breakingnews","10":"tag-es","11":"tag-espana","12":"tag-featured-news","13":"tag-featurednews","14":"tag-headlines","15":"tag-latest-news","16":"tag-latestnews","17":"tag-news","18":"tag-noticias","19":"tag-noticias-destacadas","20":"tag-noticiasdestacadas","21":"tag-spain","22":"tag-titulares","23":"tag-ultimas-noticias","24":"tag-ultimasnoticias"},"share_on_mastodon":{"url":"","error":""},"_links":{"self":[{"href":"https:\/\/www.europesays.com\/es\/wp-json\/wp\/v2\/posts\/133499","targetHints":{"allow":["GET"]}}],"collection":[{"href":"https:\/\/www.europesays.com\/es\/wp-json\/wp\/v2\/posts"}],"about":[{"href":"https:\/\/www.europesays.com\/es\/wp-json\/wp\/v2\/types\/post"}],"author":[{"embeddable":true,"href":"https:\/\/www.europesays.com\/es\/wp-json\/wp\/v2\/users\/2"}],"replies":[{"embeddable":true,"href":"https:\/\/www.europesays.com\/es\/wp-json\/wp\/v2\/comments?post=133499"}],"version-history":[{"count":0,"href":"https:\/\/www.europesays.com\/es\/wp-json\/wp\/v2\/posts\/133499\/revisions"}],"wp:featuredmedia":[{"embeddable":true,"href":"https:\/\/www.europesays.com\/es\/wp-json\/wp\/v2\/media\/133500"}],"wp:attachment":[{"href":"https:\/\/www.europesays.com\/es\/wp-json\/wp\/v2\/media?parent=133499"}],"wp:term":[{"taxonomy":"category","embeddable":true,"href":"https:\/\/www.europesays.com\/es\/wp-json\/wp\/v2\/categories?post=133499"},{"taxonomy":"post_tag","embeddable":true,"href":"https:\/\/www.europesays.com\/es\/wp-json\/wp\/v2\/tags?post=133499"}],"curies":[{"name":"wp","href":"https:\/\/api.w.org\/{rel}","templated":true}]}}