{"id":133503,"date":"2025-09-23T09:05:08","date_gmt":"2025-09-23T09:05:08","guid":{"rendered":"https:\/\/www.europesays.com\/es\/133503\/"},"modified":"2025-09-23T09:05:08","modified_gmt":"2025-09-23T09:05:08","slug":"roca-rey-baja-este-martes-en-logrono-al-resentirse-de-una-lesion-en-el-costado-derecho","status":"publish","type":"post","link":"https:\/\/www.europesays.com\/es\/133503\/","title":{"rendered":"Roca Rey, baja este martes en Logro\u00f1o al resentirse de una lesi\u00f3n en el costado derecho"},"content":{"rendered":"<p><strong>Roca Rey<\/strong> causa baja este martes, 23 de septiembre, en la plaza de toros de <strong>Logro\u00f1o<\/strong> a consecuencia de la lesi\u00f3n en el costado derecho sufrida hace unos d\u00edas en <strong>Valladolid<\/strong> y de la que el torero peruano se ha resentido en las \u00faltimas horas.<\/p>\n<p><strong>Roca Rey<\/strong> tuvo que infiltrarse en la zona afectada para poder cumplir con los compromisos de <strong>Albacete<\/strong>, <strong>Salamanca<\/strong>, <strong>Murcia<\/strong> y <strong>Nimes<\/strong>, pero lejos de mejorar la lesi\u00f3n, ha ido a peor, por ello los servicios m\u00e9dicos le han recomendado reposo. La lesi\u00f3n ser\u00e1 evaluada en los pr\u00f3ximos d\u00edas.<\/p>\n<p>Seg\u00fan un comunicado remitido a esta redacci\u00f3n, <strong>\u00aben el d\u00eda de ayer, tras la pertinente valoraci\u00f3n m\u00e9dica, se inform\u00f3 oficialmente a la empresa <\/strong>-de la plaza de toros de Logro\u00f1o-<strong> de la imposibilidad de comparecer esta tarde, priorizando la recuperaci\u00f3n para poder volver lo antes posible a los ruedos con la mirada puesta en Sevilla\u00bb<\/strong>.<\/p>\n","protected":false},"excerpt":{"rendered":"Roca Rey causa baja este martes, 23 de septiembre, en la plaza de toros de Logro\u00f1o a consecuencia&hellip;\n","protected":false},"author":2,"featured_media":133504,"comment_status":"","ping_status":"","sticky":false,"template":"","format":"standard","meta":{"footnotes":""},"categories":[277],"tags":[45,373,168,25,24,42188,6173,4316,23,167,374],"class_list":{"0":"post-133503","1":"post","2":"type-post","3":"status-publish","4":"format-standard","5":"has-post-thumbnail","7":"category-toreo","8":"tag-45","9":"tag-bullfighting","10":"tag-deportes","11":"tag-es","12":"tag-espana","13":"tag-feria-de-san-mateo","14":"tag-logrono","15":"tag-roca-rey","16":"tag-spain","17":"tag-sports","18":"tag-toreo"},"share_on_mastodon":{"url":"","error":""},"_links":{"self":[{"href":"https:\/\/www.europesays.com\/es\/wp-json\/wp\/v2\/posts\/133503","targetHints":{"allow":["GET"]}}],"collection":[{"href":"https:\/\/www.europesays.com\/es\/wp-json\/wp\/v2\/posts"}],"about":[{"href":"https:\/\/www.europesays.com\/es\/wp-json\/wp\/v2\/types\/post"}],"author":[{"embeddable":true,"href":"https:\/\/www.europesays.com\/es\/wp-json\/wp\/v2\/users\/2"}],"replies":[{"embeddable":true,"href":"https:\/\/www.europesays.com\/es\/wp-json\/wp\/v2\/comments?post=133503"}],"version-history":[{"count":0,"href":"https:\/\/www.europesays.com\/es\/wp-json\/wp\/v2\/posts\/133503\/revisions"}],"wp:featuredmedia":[{"embeddable":true,"href":"https:\/\/www.europesays.com\/es\/wp-json\/wp\/v2\/media\/133504"}],"wp:attachment":[{"href":"https:\/\/www.europesays.com\/es\/wp-json\/wp\/v2\/media?parent=133503"}],"wp:term":[{"taxonomy":"category","embeddable":true,"href":"https:\/\/www.europesays.com\/es\/wp-json\/wp\/v2\/categories?post=133503"},{"taxonomy":"post_tag","embeddable":true,"href":"https:\/\/www.europesays.com\/es\/wp-json\/wp\/v2\/tags?post=133503"}],"curies":[{"name":"wp","href":"https:\/\/api.w.org\/{rel}","templated":true}]}}