{"id":133505,"date":"2025-09-23T09:07:15","date_gmt":"2025-09-23T09:07:15","guid":{"rendered":"https:\/\/www.europesays.com\/es\/133505\/"},"modified":"2025-09-23T09:07:15","modified_gmt":"2025-09-23T09:07:15","slug":"hecher-sosa-regresa-a-lanzarote-con-un-recibimiento-multitudinario-tras-firmar-con-la-ufc","status":"publish","type":"post","link":"https:\/\/www.europesays.com\/es\/133505\/","title":{"rendered":"Hecher Sosa regresa a Lanzarote con un recibimiento multitudinario tras firmar con la UFC"},"content":{"rendered":"<p><strong>LanzaroteDeportiva.com<\/strong><\/p>\n<p>El luchador lanzarote\u00f1o Hecher Sosa, conocido en el oct\u00e1gono como El Guanche Warrior, regres\u00f3 este jueves a su tierra natal convertido en h\u00e9roe tras sellar su contrato con la UFC. El aeropuerto C\u00e9sar Manrique \u2013 Guacimeta fue escenario de una bienvenida hist\u00f3rica, con cerca de 500 personas reunidas para aclamar al peleador que ha puesto a Lanzarote en el mapa mundial de las artes marciales mixtas.<\/p>\n<p>El vuelo de Sosa, procedente de Madrid, sufri\u00f3 un leve retraso que en lugar de enfriar los \u00e1nimos, elev\u00f3 la expectaci\u00f3n entre los seguidores que desde temprano se agolparon en la Terminal 1. La tensi\u00f3n se transform\u00f3 en euforia a las 23:45, cuando finalmente apareci\u00f3 el luchador, recibido entre gritos de \u201cUFC, UFC\u201d, aplausos y pancartas improvisadas.<\/p>\n<p>En primera l\u00ednea aguardaba su familia, con su madre al frente, quien fue la primera en fundirse en un emotivo abrazo con Sosa. El peleador correspondi\u00f3 con gestos de gratitud, saludando y fotografi\u00e1ndose con todos aquellos que se lo ped\u00edan: ni\u00f1os que buscaban un aut\u00f3grafo, j\u00f3venes practicantes de MMA que lo miraban como referente, adultos y mayores que compart\u00edan la alegr\u00eda del momento. Sin rastro de cansancio ni jet lag, el lanzarote\u00f1o demostr\u00f3 cercan\u00eda y paciencia con cada uno de los presentes.<\/p>\n<p>La magnitud de la bienvenida oblig\u00f3 a improvisar la log\u00edstica. Sus compa\u00f1eros del gimnasio de \u201cCoco\u201d Gando apenas lograron reunirlo para la tradicional foto de equipo, rodeados por la multitud que no dejaba de vitorearlo. Tampoco faltaron representantes pol\u00edticos, as\u00ed como medios de comunicaci\u00f3n locales y nacionales. Incluso un equipo de la propia UFC se desplaz\u00f3 a Lanzarote para documentar la llegada de quien ya es parte oficial de la mayor liga de MMA del mundo.<\/p>\n<p>Poco a poco, la Terminal 1 fue recuperando la calma. Los seguidores se dispersaban con la satisfacci\u00f3n de haber sido parte de un momento hist\u00f3rico para el deporte insular, mientras el gran protagonista se reun\u00eda \u00fanicamente con los m\u00e1s cercanos, en un ambiente m\u00e1s \u00edntimo.<\/p>\n<p>Con su ingreso a la UFC, El Guanche Warrior no solo cumple un sue\u00f1o individual, sino que abre la puerta a una nueva generaci\u00f3n de luchadores canarios que ven posible alcanzar la \u00e9lite mundial.<\/p>\n<p>La UFC ya est\u00e1 en Lanzarote, y Hecher Sosa es el abanderado.<\/p>\n<p><a href=\"https:\/\/www.facebook.com\/media\/set\/?vanity=LanzaroteDeport&amp;set=a.1303843251643453\" rel=\"nofollow noopener\" target=\"_blank\">Disfruta de una galer\u00eda de fotos de la llegada en este enlace<\/a><\/p>\n","protected":false},"excerpt":{"rendered":"LanzaroteDeportiva.com El luchador lanzarote\u00f1o Hecher Sosa, conocido en el oct\u00e1gono como El Guanche Warrior, regres\u00f3 este jueves a&hellip;\n","protected":false},"author":2,"featured_media":133506,"comment_status":"","ping_status":"","sticky":false,"template":"","format":"standard","meta":{"footnotes":""},"categories":[276],"tags":[168,37247,25,24,10816,743,23,167,343],"class_list":{"0":"post-133505","1":"post","2":"type-post","3":"status-publish","4":"format-standard","5":"has-post-thumbnail","7":"category-ufc","8":"tag-deportes","9":"tag-destacado-derecha","10":"tag-es","11":"tag-espana","12":"tag-hecher-sosa","13":"tag-mma","14":"tag-spain","15":"tag-sports","16":"tag-ufc"},"share_on_mastodon":{"url":"","error":""},"_links":{"self":[{"href":"https:\/\/www.europesays.com\/es\/wp-json\/wp\/v2\/posts\/133505","targetHints":{"allow":["GET"]}}],"collection":[{"href":"https:\/\/www.europesays.com\/es\/wp-json\/wp\/v2\/posts"}],"about":[{"href":"https:\/\/www.europesays.com\/es\/wp-json\/wp\/v2\/types\/post"}],"author":[{"embeddable":true,"href":"https:\/\/www.europesays.com\/es\/wp-json\/wp\/v2\/users\/2"}],"replies":[{"embeddable":true,"href":"https:\/\/www.europesays.com\/es\/wp-json\/wp\/v2\/comments?post=133505"}],"version-history":[{"count":0,"href":"https:\/\/www.europesays.com\/es\/wp-json\/wp\/v2\/posts\/133505\/revisions"}],"wp:featuredmedia":[{"embeddable":true,"href":"https:\/\/www.europesays.com\/es\/wp-json\/wp\/v2\/media\/133506"}],"wp:attachment":[{"href":"https:\/\/www.europesays.com\/es\/wp-json\/wp\/v2\/media?parent=133505"}],"wp:term":[{"taxonomy":"category","embeddable":true,"href":"https:\/\/www.europesays.com\/es\/wp-json\/wp\/v2\/categories?post=133505"},{"taxonomy":"post_tag","embeddable":true,"href":"https:\/\/www.europesays.com\/es\/wp-json\/wp\/v2\/tags?post=133505"}],"curies":[{"name":"wp","href":"https:\/\/api.w.org\/{rel}","templated":true}]}}