{"id":133546,"date":"2025-09-23T09:36:13","date_gmt":"2025-09-23T09:36:13","guid":{"rendered":"https:\/\/www.europesays.com\/es\/133546\/"},"modified":"2025-09-23T09:36:13","modified_gmt":"2025-09-23T09:36:13","slug":"empieza-a-ser-bastante-frecuente","status":"publish","type":"post","link":"https:\/\/www.europesays.com\/es\/133546\/","title":{"rendered":"&#8216;Empieza a ser bastante frecuente&#8217;"},"content":{"rendered":"<p class=\"ft-text\"><strong>Crist\u00f3bal Soria es uno de los tertulianos m\u00e1s destacados de &#8216;El Chiringuito&#8217;<\/strong>. El sevillano ha dejado grandes momentos en el programa de Mega. Por ejemplo, cuando se burl\u00f3 de Vinicius, disfrazado de triatleta: \u00ab<strong>Soy como Vinicius. Corre mucho, hace bicicletas y luego nada<\/strong>\u00ab.<\/p>\n<p class=\"ft-text\">Tras el gran rendimiento que ha ofrecido en el formato de Josep Pedrerol, &#8216;Espejo P\u00fablico&#8217; ha decidido que sea una de las nuevas incorporaciones para esta nueva temporada. En la emisi\u00f3n de ayer, <strong>el colaborador dej\u00f3 a todo la audiencia boquiabierta tras anunciar que sufri\u00f3 un robo en el centro de Sevilla<\/strong>.<\/p>\n<p class=\"ft-text\">El sevillano quiso dejar claro que no es la \u00fanica v\u00edctima, ya que se est\u00e1 convirtiendo en un robo habitual en Espa\u00f1a. \u00abQuer\u00eda de alguna forma alertar a nuestros espectadores del nuevo robo que viene, <strong>que he sufrido en mi veh\u00edculo propio y que viene para quedarse<\/strong>\u00ab, empez\u00f3 diciendo en Antena 3.<\/p>\n<p class=\"ft-text\">El robo ocurri\u00f3 en un aparcamiento c\u00e9ntrico, mientras estaba realizando varios recados: \u00abEs llegar por la ma\u00f1ana al centro comercial, a plena luz del d\u00eda, en pleno centro de una ciudad como Sevilla, e<strong>ntrar a echar la Primitiva, la tintorer\u00eda, las cuatro cosas, y dejar el coche cargando unos treinta o cuarenta minutos<\/strong>\u00ab.<\/p>\n<p class=\"ft-text\">No obstante, cuando lleg\u00f3 a la plaza se encontr\u00f3 que le hab\u00edan cortado el cable de carga, un objeto que puede alcanzar hasta los 10 metros de longitud. \u00ab<strong>Pueden llegarse a sacarse hasta 15 euros por cada uno de ellos<\/strong>\u00ab, comentaron en &#8216;Espejo P\u00fablico&#8217;.<\/p>\n<p class=\"ft-text\">La reacci\u00f3n del colaborador de &#8216;El Chiringuito&#8217; fue inmediata: \u00abUna vez vas a la polic\u00eda y pones la denuncia, yo me echo las manos a la cabeza, <strong>pero para la polic\u00eda empieza a ser un robo bastante frecuente<\/strong>\u00ab.<\/p>\n<p class=\"ft-text\">El robo le saldr\u00e1 caro al sevillano,<strong> ya que su seguro no cubre este tipo de da\u00f1os externos al coche.<\/strong> Por tanto, tendr\u00e1 que pagar el coste de reposici\u00f3n del cable, que est\u00e1 valorado aproximadamente en 250 euros.<\/p>\n<p class=\"ft-text\">Seg\u00fan \u00e9l, ser\u00e1 un robo que \u00ab<strong>lo vamos a seguir viendo<\/strong>\u00ab, pero los cuerpos de seguridad ya son conscientes de la problem\u00e1tica. Por ahora, est\u00e1n investigando c\u00f3mo se puede solucionar para frenar en seco este tipo de delitos.<\/p>\n","protected":false},"excerpt":{"rendered":"Crist\u00f3bal Soria es uno de los tertulianos m\u00e1s destacados de &#8216;El Chiringuito&#8217;. El sevillano ha dejado grandes momentos&hellip;\n","protected":false},"author":2,"featured_media":133547,"comment_status":"","ping_status":"","sticky":false,"template":"","format":"standard","meta":{"footnotes":""},"categories":[268],"tags":[5373,168,25,24,280,2313,282,5670,7561,281,246,23,167,11463],"class_list":{"0":"post-133546","1":"post","2":"type-post","3":"status-publish","4":"format-standard","5":"has-post-thumbnail","7":"category-futbol","8":"tag-cristobal","9":"tag-deportes","10":"tag-es","11":"tag-espana","12":"tag-football","13":"tag-fuera-de-juego","14":"tag-futbol","15":"tag-plena","16":"tag-robo","17":"tag-soccer","18":"tag-soria","19":"tag-spain","20":"tag-sports","21":"tag-sufre"},"share_on_mastodon":{"url":"","error":""},"_links":{"self":[{"href":"https:\/\/www.europesays.com\/es\/wp-json\/wp\/v2\/posts\/133546","targetHints":{"allow":["GET"]}}],"collection":[{"href":"https:\/\/www.europesays.com\/es\/wp-json\/wp\/v2\/posts"}],"about":[{"href":"https:\/\/www.europesays.com\/es\/wp-json\/wp\/v2\/types\/post"}],"author":[{"embeddable":true,"href":"https:\/\/www.europesays.com\/es\/wp-json\/wp\/v2\/users\/2"}],"replies":[{"embeddable":true,"href":"https:\/\/www.europesays.com\/es\/wp-json\/wp\/v2\/comments?post=133546"}],"version-history":[{"count":0,"href":"https:\/\/www.europesays.com\/es\/wp-json\/wp\/v2\/posts\/133546\/revisions"}],"wp:featuredmedia":[{"embeddable":true,"href":"https:\/\/www.europesays.com\/es\/wp-json\/wp\/v2\/media\/133547"}],"wp:attachment":[{"href":"https:\/\/www.europesays.com\/es\/wp-json\/wp\/v2\/media?parent=133546"}],"wp:term":[{"taxonomy":"category","embeddable":true,"href":"https:\/\/www.europesays.com\/es\/wp-json\/wp\/v2\/categories?post=133546"},{"taxonomy":"post_tag","embeddable":true,"href":"https:\/\/www.europesays.com\/es\/wp-json\/wp\/v2\/tags?post=133546"}],"curies":[{"name":"wp","href":"https:\/\/api.w.org\/{rel}","templated":true}]}}