{"id":133550,"date":"2025-09-23T09:38:27","date_gmt":"2025-09-23T09:38:27","guid":{"rendered":"https:\/\/www.europesays.com\/es\/133550\/"},"modified":"2025-09-23T09:38:27","modified_gmt":"2025-09-23T09:38:27","slug":"llega-a-yuste-las-horas-del-sol-tras-su-paso-por-la-galeria-de-las-colecciones-reales","status":"publish","type":"post","link":"https:\/\/www.europesays.com\/es\/133550\/","title":{"rendered":"Llega a Yuste &#8216;Las Horas del Sol&#8217; tras su paso por la Galer\u00eda de las Colecciones Reales"},"content":{"rendered":"<p class=\"v-mdl-ath__p v-mdl-ath__p--6\">\nLunes, 22 de septiembre 2025, 17:43<\/p>\n<p class=\"v-p\">La exposici\u00f3n &#8216;<strong>Las Horas del Sol<\/strong>&#8216;, de Bleda y Rosa \u2013Premios Nacionales de Fotograf\u00eda en 2008\u2013, llega al <strong>Monasterio de Yuste<\/strong> (C\u00e1ceres) tras su paso por la <strong>Galer\u00eda de las Colecciones Reales<\/strong> (Madrid). De esta manera, las im\u00e1genes recalan en el lugar donde fueron realizadas, ofreciendo al visitante la experiencia \u00fanica de descubrir la obra en el lugar en el que fue concebida, de forma que se yuxtapone el propio Monasterio de Yuste con la visi\u00f3n art\u00edstica de los autores sobre este enclave hist\u00f3rico.<\/p>\n<p class=\"v-p\">La exposici\u00f3n propone una reflexi\u00f3n en torno al sol como s\u00edmbolo del tiempo, la vida y la historia, plasmada en im\u00e1genes captadas en el Monasterio de Yuste, \u00faltimo retiro del <strong>emperador Carlos V.<\/strong><\/p>\n<p class=\"v-p\">En el acto de inauguraci\u00f3n, que tuvo lugar este lunes, los autores han explicado que el proyecto \u00abestablece una analog\u00eda entre el ciclo solar y el ciclo vital de la naturaleza y del hombre, evocando un tiempo en que el sol era gu\u00eda, medida y s\u00edmbolo. Marcaba las horas, el d\u00eda, la noche, las estaciones, el paso del tiempo\u00bb.<\/p>\n<p class=\"v-p\">En el acto tambi\u00e9n participaron <strong>Ana de la Cueva<\/strong>, presidenta de Patrimonio Nacional, <strong>Mar\u00eda Santoyo<\/strong>, directora de PHotoESPA\u00d1A y <strong>Joaqu\u00edn Mollinedo<\/strong>, director general de Relaciones Institucionales, Comunicaci\u00f3n y Marca de ACCIONA, que han coincidido en poner en valor el arte como creador de conciencia colectiva y en resaltar la importancia de dar a conocer enclaves de tanto valor hist\u00f3rico y art\u00edstico como el Monasterio de Yuste.<\/p>\n<p><img decoding=\"async\" loading=\"lazy\" src=\"https:\/\/www.europesays.com\/es\/wp-content\/uploads\/2025\/09\/expo-yuste--kYzG-U2303056696737OSF-650x455@Hoy.jpg\" class=\"v-a-img\" width=\"650\" height=\"455\" alt=\"Una de las obras que se muestran en la exposici\u00f3n.\" data-voc-vtm-id=\"in-text-traffic\"\/><\/p>\n<p>Una de las obras que se muestran en la exposici\u00f3n.<\/p>\n<p>HOY<\/p>\n<p><img loading=\"lazy\" decoding=\"async\" src=\"https:\/\/www.europesays.com\/es\/wp-content\/uploads\/2025\/09\/expo-yuste--kYzG-U23030566967370F-1920x1344@Hoy.jpg\" class=\"v-mdl__img-z\" width=\"1920\" height=\"1344\" alt=\"\"\/><\/p>\n<p>Hasta el 27 de octubre<\/p>\n<p class=\"v-p\">La exposici\u00f3n podr\u00e1 verse hasta el pr\u00f3ximo 27 de octubre y estar\u00e1 presente en <strong>diversas estancias del monasterio<\/strong> invitando a los visitantes a redescubrirlo a trav\u00e9s de una mirada contempor\u00e1nea que pone en valor la interacci\u00f3n de los elementos hist\u00f3ricos con la naturaleza viva y el sol.<\/p>\n<p class=\"v-p\">En su paso por Madrid la exposici\u00f3n recibi\u00f3 en un total de 130.000 visitantes durante los tres meses que permaneci\u00f3 abierta y espera convertirse en un aliciente m\u00e1s para la visita al Monasterio de Yuste durante los pr\u00f3ximos meses.<\/p>\n<p>Colaboraci\u00f3n<\/p>\n<p class=\"v-p\">Esta exposici\u00f3n forma parte del proyecto trienal Cuadernos de Campo en el que colaboran Acciona, PHotoESPA\u00d1A y Patrimonio Nacional, para promover que grandes fot\u00f3grafos nacionales pongan en valor el patrimonio natural de los Reales Sitios.<\/p>\n<p class=\"v-p\">El a\u00f1o pasado, Cuadernos de Campo invit\u00f3 a Javier Vallhonrat a dirigir su mirada sobre el \u00abagua en el Real Palacio de la Granja\u00bb, experiencia de la que surgi\u00f3 una reflexi\u00f3n visual sobre la intersecci\u00f3n entre la naturaleza y el ingenio humano, plasmado en las emblem\u00e1ticas fuentes ornamentales de ese palacio.<\/p>\n<p>Comenta<\/p>\n<p>Reporta un error<\/p>\n","protected":false},"excerpt":{"rendered":"Lunes, 22 de septiembre 2025, 17:43 La exposici\u00f3n &#8216;Las Horas del Sol&#8216;, de Bleda y Rosa \u2013Premios Nacionales&hellip;\n","protected":false},"author":2,"featured_media":133551,"comment_status":"","ping_status":"","sticky":false,"template":"","format":"standard","meta":{"footnotes":""},"categories":[173],"tags":[229,233,231,230,28765,232,234,146,147,25,24,9192,297,5012,4191,28766,2829,23,575,42544],"class_list":{"0":"post-133550","1":"post","2":"type-post","3":"status-publish","4":"format-standard","5":"has-post-thumbnail","7":"category-arte-y-diseno","8":"tag-arte","9":"tag-arte-y-diseno","10":"tag-arts","11":"tag-arts-and-design","12":"tag-colecciones","13":"tag-design","14":"tag-diseno","15":"tag-entertainment","16":"tag-entretenimiento","17":"tag-es","18":"tag-espana","19":"tag-galeria","20":"tag-horas","21":"tag-llega","22":"tag-paso","23":"tag-reales","24":"tag-sol","25":"tag-spain","26":"tag-tras","27":"tag-yuste"},"share_on_mastodon":{"url":"","error":""},"_links":{"self":[{"href":"https:\/\/www.europesays.com\/es\/wp-json\/wp\/v2\/posts\/133550","targetHints":{"allow":["GET"]}}],"collection":[{"href":"https:\/\/www.europesays.com\/es\/wp-json\/wp\/v2\/posts"}],"about":[{"href":"https:\/\/www.europesays.com\/es\/wp-json\/wp\/v2\/types\/post"}],"author":[{"embeddable":true,"href":"https:\/\/www.europesays.com\/es\/wp-json\/wp\/v2\/users\/2"}],"replies":[{"embeddable":true,"href":"https:\/\/www.europesays.com\/es\/wp-json\/wp\/v2\/comments?post=133550"}],"version-history":[{"count":0,"href":"https:\/\/www.europesays.com\/es\/wp-json\/wp\/v2\/posts\/133550\/revisions"}],"wp:featuredmedia":[{"embeddable":true,"href":"https:\/\/www.europesays.com\/es\/wp-json\/wp\/v2\/media\/133551"}],"wp:attachment":[{"href":"https:\/\/www.europesays.com\/es\/wp-json\/wp\/v2\/media?parent=133550"}],"wp:term":[{"taxonomy":"category","embeddable":true,"href":"https:\/\/www.europesays.com\/es\/wp-json\/wp\/v2\/categories?post=133550"},{"taxonomy":"post_tag","embeddable":true,"href":"https:\/\/www.europesays.com\/es\/wp-json\/wp\/v2\/tags?post=133550"}],"curies":[{"name":"wp","href":"https:\/\/api.w.org\/{rel}","templated":true}]}}