{"id":133581,"date":"2025-09-23T09:58:11","date_gmt":"2025-09-23T09:58:11","guid":{"rendered":"https:\/\/www.europesays.com\/es\/133581\/"},"modified":"2025-09-23T09:58:11","modified_gmt":"2025-09-23T09:58:11","slug":"nuevo-banco-de-pruebas-ante-el-trieste-italiano","status":"publish","type":"post","link":"https:\/\/www.europesays.com\/es\/133581\/","title":{"rendered":"Nuevo banco de pruebas ante el Trieste italiano"},"content":{"rendered":"<p>\n        El aficionado baskonista dispone este martes (20.30 horas) de l<strong>a primera oportunidad<\/strong> para ver las evoluciones del nuevo equipo dirigido por Paolo Galbiati.\n<\/p>\n<p class=\"article-body__text \">\n        En el marco del Trofeo Diputaci\u00f3n y con la entrada gratuita al Buesa Arena, <strong>espera el Pallacanestro Trieste italiano<\/strong>, dirigido desde este verano por el c\u00e1ntabro Israel Gonz\u00e1lez y con rostros conocidos en su plantilla como los estadounidenses <strong>Colbey Ross <\/strong>\u2013base tanteado en su d\u00eda por el Baskonia\u2013, <strong>Juan Toscano-Anderson, Jarrod Uthoff, Jeff Brooks<\/strong> \u2013ex del Unicaja\u2013, <strong>Markel Brown y Jahmi\u2019us Ramsey<\/strong> o el maliense <strong>Mady Sissoko<\/strong>.\n<\/p>\n<p>            <a href=\"https:\/\/www.noticiasdealava.eus\/baskonia\/2025\/09\/20\/baskonia-apuesta-markquis-nowell-10108433.html\" title=\"El Baskonia apuesta por Markquis Nowell\" class=\"new__media\" rel=\"nofollow noopener\" target=\"_blank\"><\/p>\n<p>                <img alt=\"El Baskonia apuesta por Markquis Nowell\" data-src=\"https:\/\/www.europesays.com\/es\/wp-content\/uploads\/2025\/09\/4ce5a824-00e6-431a-bb69-c9dc08d89955_16-9-aspect-ratio_default_0_x806y248.jpg\" class=\"lozad\"\/><\/p>\n<p>        <\/a><\/p>\n<p>        <a href=\"https:\/\/www.noticiasdealava.eus\/baskonia\/2025\/09\/20\/baskonia-apuesta-markquis-nowell-10108433.html\" title=\"El Baskonia apuesta por Markquis Nowell\" class=\"new__headline\" rel=\"nofollow noopener\" target=\"_blank\"><br \/>\n            El Baskonia apuesta por Markquis Nowell<br \/>\n        <\/a><\/p>\n<p class=\"article-body__text \">\n        Una buena piedra de toque teniendo en cuenta que <strong>el Trieste finaliz\u00f3 en sexta posici\u00f3n la pasada edici\u00f3n de la <\/strong><strong>Lega<\/strong> tras ser eliminado en cuartos de final por el Brescia.\n<\/p>\n<p class=\"article-body__text \">\n        En las filas azulgranas, <strong>tanto Sedekerskis como Howard permanecen en duda<\/strong>. Este banco de pruebas, en concreto el cuarto de una pretemporada en la que el Baskonia todav\u00eda no conoce la victoria tras haber sucumbido ante el San Pablo Burgos, Valencia Basket y Real Madrid, preceder\u00e1 el jueves la disputa de la Euskal Kopa en Barakaldo.<\/p>\n","protected":false},"excerpt":{"rendered":"El aficionado baskonista dispone este martes (20.30 horas) de la primera oportunidad para ver las evoluciones del nuevo&hellip;\n","protected":false},"author":2,"featured_media":133582,"comment_status":"","ping_status":"","sticky":false,"template":"","format":"standard","meta":{"footnotes":""},"categories":[269],"tags":[299,1456,298,4714,168,25,24,2872,524,677,23,167,42547,42548],"class_list":{"0":"post-133581","1":"post","2":"type-post","3":"status-publish","4":"format-standard","5":"has-post-thumbnail","7":"category-baloncesto","8":"tag-baloncesto","9":"tag-banco","10":"tag-basketball","11":"tag-baskonia","12":"tag-deportes","13":"tag-es","14":"tag-espana","15":"tag-italiano","16":"tag-nuevo","17":"tag-pruebas","18":"tag-spain","19":"tag-sports","20":"tag-trieste","21":"tag-trofeo-diputacion"},"share_on_mastodon":{"url":"","error":""},"_links":{"self":[{"href":"https:\/\/www.europesays.com\/es\/wp-json\/wp\/v2\/posts\/133581","targetHints":{"allow":["GET"]}}],"collection":[{"href":"https:\/\/www.europesays.com\/es\/wp-json\/wp\/v2\/posts"}],"about":[{"href":"https:\/\/www.europesays.com\/es\/wp-json\/wp\/v2\/types\/post"}],"author":[{"embeddable":true,"href":"https:\/\/www.europesays.com\/es\/wp-json\/wp\/v2\/users\/2"}],"replies":[{"embeddable":true,"href":"https:\/\/www.europesays.com\/es\/wp-json\/wp\/v2\/comments?post=133581"}],"version-history":[{"count":0,"href":"https:\/\/www.europesays.com\/es\/wp-json\/wp\/v2\/posts\/133581\/revisions"}],"wp:featuredmedia":[{"embeddable":true,"href":"https:\/\/www.europesays.com\/es\/wp-json\/wp\/v2\/media\/133582"}],"wp:attachment":[{"href":"https:\/\/www.europesays.com\/es\/wp-json\/wp\/v2\/media?parent=133581"}],"wp:term":[{"taxonomy":"category","embeddable":true,"href":"https:\/\/www.europesays.com\/es\/wp-json\/wp\/v2\/categories?post=133581"},{"taxonomy":"post_tag","embeddable":true,"href":"https:\/\/www.europesays.com\/es\/wp-json\/wp\/v2\/tags?post=133581"}],"curies":[{"name":"wp","href":"https:\/\/api.w.org\/{rel}","templated":true}]}}