{"id":133592,"date":"2025-09-23T10:06:07","date_gmt":"2025-09-23T10:06:07","guid":{"rendered":"https:\/\/www.europesays.com\/es\/133592\/"},"modified":"2025-09-23T10:06:07","modified_gmt":"2025-09-23T10:06:07","slug":"monchi-abandona-el-aston-villa-futbol-deportes","status":"publish","type":"post","link":"https:\/\/www.europesays.com\/es\/133592\/","title":{"rendered":"Monchi abandona el Aston Villa | F\u00fatbol | Deportes"},"content":{"rendered":"<p class=\"\">Monchi se marcha del Aston Villa. El que fuera el m\u00e1s importante ejecutivo en la historia del Sevilla dice adi\u00f3s a su segunda etapa fuera de Espa\u00f1a de manera sorpresiva. <a href=\"https:\/\/elpais.com\/deportes\/2023-06-15\/monchi-se-marcha-al-aston-villa.html\" target=\"_self\" rel=\"nofollow noopener\" title=\"https:\/\/elpais.com\/deportes\/2023-06-15\/monchi-se-marcha-al-aston-villa.html\">Monchi fich\u00f3 como director de operaciones<\/a> del club ingl\u00e9s en el verano de 2023, dejando al club andaluz ganador de su \u00faltima Liga Europa. Ahora dice adi\u00f3s al Aston Villa alegando cuestiones personales y una necesidad de descanso en una situaci\u00f3n bastante complicada del conjunto ingl\u00e9s. Con Unai Emery en el banquillo, el Aston Villa es el antepen\u00faltimo de la Liga inglesa, no conoce la victoria en cinco partidos (dos derrotas y tres empates), solo ha logrado un gol en estos cinco choques y ha sido eliminado de la Copa de la Liga por el Brentford en la tanda de penaltis. <\/p>\n<p class=\"\">El Aston Villa, adem\u00e1s, est\u00e1 pasando por problemas financieros y no ha podido realizar la planificaci\u00f3n ideada por Monchi y su equipo. Solo se pudo invertir 30,5 millones de euros en el delantero Guessand, procedente del Niza, m\u00e1s medio mill\u00f3n por el portero Bizot. Lindelof lleg\u00f3 libre. Elliott y Sancho, en calidad de cedidos. Esta situaci\u00f3n deportiva y econ\u00f3mica ha pesado en todos los actores del Aston Villa. Los dirigentes <a href=\"https:\/\/elpais.com\/tecnologia\/2022-07-15\/el-algoritmo-de-monchi.html\" target=\"_self\" rel=\"nofollow noopener\" title=\"https:\/\/elpais.com\/tecnologia\/2022-07-15\/el-algoritmo-de-monchi.html\">y el propio Monchi <\/a>han entendido que lo mejor en estos momentos es poner fin al proyecto que comenz\u00f3 en 2023. Entre las limitaciones econ\u00f3micas del conjunto ingl\u00e9s, la necesidad de sus dirigentes de buscar soluciones a su delicada situaci\u00f3n deportiva y un poco de cansancio personal de Monchi, se ha establecido la tormenta perfecta para su salida de la Premier, adelantada por The Athletic. El adi\u00f3s de Monchi se puede hacer oficial en el d\u00eda de hoy despu\u00e9s de que firme su finiquito. Se pone fin a la segunda experiencia fuera de Espa\u00f1a de Monchi despu\u00e9s de su paso por la Roma entre 2016 y 2019.<\/p>\n<blockquote class=\"twitter-tweet\">\n<p lang=\"en\" dir=\"ltr\">Aston Villa is delighted to announce the signing of Harvey Elliott from Liverpool.<\/p>\n<p>The 22-year-old joins the club on an initial season-long loan deal with an obligation to buy conditional on appearances.<\/p>\n<p>\u2014 Aston Villa (@AVFCOfficial) <a href=\"https:\/\/twitter.com\/AVFCOfficial\/status\/1962621553721696597?ref_src=twsrc%5Etfw\" rel=\"nofollow noopener\" target=\"_blank\">September 1, 2025<\/a><\/p><\/blockquote>\n<p class=\"\">El Aston Villa, con Monchi dentro de su direcci\u00f3n deportiva, qued\u00f3 en la cuarta posici\u00f3n de la Premier de 2024. Se clasific\u00f3 para jugar la Champions, algo que no hac\u00eda desde 1983. En la Liga de Campeones del curso pasado, <a href=\"https:\/\/elpais.com\/deportes\/futbol\/2025-04-09\/la-magia-de-kvaratskhelia-derriba-la-defensa-del-villa-en-paris.html\" target=\"_self\" rel=\"nofollow noopener\" title=\"https:\/\/elpais.com\/deportes\/futbol\/2025-04-09\/la-magia-de-kvaratskhelia-derriba-la-defensa-del-villa-en-paris.html\">lleg\u00f3 a los cuartos de final<\/a>, siendo eliminado por el posterior campe\u00f3n, el PSG. En el pasado curso, el Aston Villa qued\u00f3 en la sexta posici\u00f3n, peleando por la Champions hasta la \u00faltima jornada. Este jueves comienza su participaci\u00f3n en la Liga Europa con un enfrentamiento ante el Bolonia. <\/p>\n<p class=\"\">La primera idea de Monchi tras firmar su finiquito es la de descansar. La noticia de su adi\u00f3s al Aston Villa, no obstante, ha abierto la ilusi\u00f3n de buena parte del sevillismo. El motivo es el siguiente. Existe un proyecto, liderado por el empresario sevillano Antonio Lappi, que tiene previsto contar con Monchi en un intento <a href=\"https:\/\/elpais.com\/deportes\/futbol\/2023-11-10\/la-crisis-del-sevilla-se-hace-eterna.html\" target=\"_self\" rel=\"nofollow noopener\" title=\"https:\/\/elpais.com\/deportes\/futbol\/2023-11-10\/la-crisis-del-sevilla-se-hace-eterna.html\">de volver a tomar el poder en el Sevilla<\/a>. Esta candidatura ha mantenido incluso ya conversaciones con los actuales accionistas del club para realizar una compra. Por el momento, las conversaciones han sido infructuosas. La figura de Monchi siempre ha estado relacionada con este proyecto, aunque su nombre nunca se hizo p\u00fablico por trabajar en el Aston Villa. Ahora, la situaci\u00f3n ha quedado desbloqueada. <\/p>\n<p class=\"\">Monchi tendr\u00e1 ahora, tambi\u00e9n, m\u00e1s tiempo para dedicarle al CD San Fernando 1940, equipo de su localidad natal, San Fernando, que ha creado ante la disoluci\u00f3n del San Fernando CD. El equipo ha comenzado su andadura desde la \u00faltima categor\u00eda regional, pero la idea de Monchi y algunos de sus socios, <a href=\"https:\/\/elpais.com\/deportes\/futbol\/2025-02-06\/sergio-ramos-fichaje-estrella-del-rayados-de-monterrey-mexicano.html\" target=\"_self\" rel=\"nofollow noopener\" title=\"https:\/\/elpais.com\/deportes\/futbol\/2025-02-06\/sergio-ramos-fichaje-estrella-del-rayados-de-monterrey-mexicano.html\">entre ellos Ren\u00e9 Ramos, hermano de Sergio Ramos<\/a>, es el de llevarlo hasta la Primera Federaci\u00f3n.<\/p>\n<p><script async src=\"https:\/\/platform.twitter.com\/widgets.js\" charset=\"utf-8\"><\/script><\/p>\n","protected":false},"excerpt":{"rendered":"Monchi se marcha del Aston Villa. El que fuera el m\u00e1s importante ejecutivo en la historia del Sevilla&hellip;\n","protected":false},"author":2,"featured_media":133593,"comment_status":"","ping_status":"","sticky":false,"template":"","format":"standard","meta":{"footnotes":""},"categories":[93],"tags":[15676,1241,1540,168,1539,25,24,282,1538,14766,1240,2993,23,167],"class_list":{"0":"post-133592","1":"post","2":"type-post","3":"status-publish","4":"format-standard","5":"has-post-thumbnail","7":"category-deportes","8":"tag-aston-villa","9":"tag-champions-league","10":"tag-competiciones","11":"tag-deportes","12":"tag-entrenadores","13":"tag-es","14":"tag-espana","15":"tag-futbol","16":"tag-futbolistas","17":"tag-monchi","18":"tag-premier-league","19":"tag-sevilla-futbol-club","20":"tag-spain","21":"tag-sports"},"share_on_mastodon":{"url":"","error":""},"_links":{"self":[{"href":"https:\/\/www.europesays.com\/es\/wp-json\/wp\/v2\/posts\/133592","targetHints":{"allow":["GET"]}}],"collection":[{"href":"https:\/\/www.europesays.com\/es\/wp-json\/wp\/v2\/posts"}],"about":[{"href":"https:\/\/www.europesays.com\/es\/wp-json\/wp\/v2\/types\/post"}],"author":[{"embeddable":true,"href":"https:\/\/www.europesays.com\/es\/wp-json\/wp\/v2\/users\/2"}],"replies":[{"embeddable":true,"href":"https:\/\/www.europesays.com\/es\/wp-json\/wp\/v2\/comments?post=133592"}],"version-history":[{"count":0,"href":"https:\/\/www.europesays.com\/es\/wp-json\/wp\/v2\/posts\/133592\/revisions"}],"wp:featuredmedia":[{"embeddable":true,"href":"https:\/\/www.europesays.com\/es\/wp-json\/wp\/v2\/media\/133593"}],"wp:attachment":[{"href":"https:\/\/www.europesays.com\/es\/wp-json\/wp\/v2\/media?parent=133592"}],"wp:term":[{"taxonomy":"category","embeddable":true,"href":"https:\/\/www.europesays.com\/es\/wp-json\/wp\/v2\/categories?post=133592"},{"taxonomy":"post_tag","embeddable":true,"href":"https:\/\/www.europesays.com\/es\/wp-json\/wp\/v2\/tags?post=133592"}],"curies":[{"name":"wp","href":"https:\/\/api.w.org\/{rel}","templated":true}]}}