{"id":133612,"date":"2025-09-23T10:19:05","date_gmt":"2025-09-23T10:19:05","guid":{"rendered":"https:\/\/www.europesays.com\/es\/133612\/"},"modified":"2025-09-23T10:19:05","modified_gmt":"2025-09-23T10:19:05","slug":"me-siento-mas-seguro-en-africa-que-en-algun-pais-de-europa","status":"publish","type":"post","link":"https:\/\/www.europesays.com\/es\/133612\/","title":{"rendered":"\u00abMe siento m\u00e1s seguro en \u00c1frica que en alg\u00fan pa\u00eds de Europa\u00bb"},"content":{"rendered":"<p>22\/09\/2025<br \/>\n<br \/><strong><br \/>\nActualizado 23\/09\/2025 a las 07:55h.<br \/>\n<\/strong><\/p>\n<p class=\"voc-p\" style=\"\">La Vuelta a Espa\u00f1a 2025 qued\u00f3 marcada por las protestas propalestinas que interrumpieron varias etapas. Estos incidentes han abierto el debate sobre la seguridad en una de las grandes citas del calendario ciclista, un tema sobre el que tambi\u00e9n ha acabado pronunci\u00e1ndose Tadej Pogacar, en plena preparaci\u00f3n del pr\u00f3ximo <strong>Mundial de Ciclismo en Ruanda.<\/strong><\/p>\n<p class=\"voc-p\" style=\"\">El corredor esloveno, doble ganador del Tour de Francia, ha optado por centrar su temporada en la cita africana. Desde all\u00ed, mientras entrenaba con la selecci\u00f3n de Eslovenia, se refiri\u00f3 a la experiencia que est\u00e1 viviendo y a c\u00f3mo percibe<a href=\"https:\/\/www.abc.es\/deportes\/ciclismo\/vingegaard-muestra-orgullo-campeon-activistas-insolidarios-20250913173401-nt.html\" target=\"_self\" data-voc-vtm-id=\"in-text-traffic\" title=\" el ambiente que rodea la competici\u00f3n.\" rel=\"nofollow noopener\"> el ambiente que rodea la competici\u00f3n.<\/a><\/p>\n<p class=\"voc-p\" style=\"\">En declaraciones recogidas por Sportklub, Pogacar sorprendi\u00f3 con una reflexi\u00f3n clara y directa:<strong> \u00abMe siento m\u00e1s seguro en \u00c1frica\u00bb<\/strong>. El ciclista explic\u00f3 que su estancia en Ruanda est\u00e1 siendo positiva, destacando la hospitalidad y la calma que ha encontrado, y compar\u00e1ndola con lo que vive en algunos pa\u00edses europeos.<\/p>\n<p class=\"voc-p\" style=\"\">\u00ab\u00c1frica est\u00e1 bastante bien, quiz\u00e1s el aire es un poco malo. Pero la gente es muy amable. <a href=\"https:\/\/www.abc.es\/deportes\/ciclismo\/despues-protestas-montana-philipsen-vive-20250912180202-nt.html\" target=\"_self\" data-voc-vtm-id=\"in-text-traffic\" title=\"Me siento seguro, mucho m\u00e1s que en alg\u00fan pa\u00eds europeo\u00bb,\" rel=\"nofollow noopener\">Me siento seguro, mucho m\u00e1s que en alg\u00fan pa\u00eds europeo\u00bb,<\/a> a\u00f1adi\u00f3 Pogacar. Sus palabras han generado repercusi\u00f3n al coincidir con el recuerdo reciente de las protestas en la Vuelta, aunque el propio corredor no hizo una relaci\u00f3n directa entre ambos escenarios.<\/p>\n<p class=\"voc-p\" style=\"\">M\u00e1s all\u00e1 del entorno, Pogacar tambi\u00e9n valor\u00f3 el recorrido del Mundial. Lo defini\u00f3 como exigente y sin apenas respiro: \u00abNo hay mucho trabajo t\u00e9cnico. Es sencillo, con muchos desniveles. Tenemos cuatro subidas. Hay que esforzarse mucho en todas partes. No hay tiempo suficiente para descansar. El recorrido es r\u00e1pido. Espero que mis piernas est\u00e9n bien\u00bb.<\/p>\n<p>Reportar un error<\/p>\n","protected":false},"excerpt":{"rendered":"22\/09\/2025 Actualizado 23\/09\/2025 a las 07:55h. La Vuelta a Espa\u00f1a 2025 qued\u00f3 marcada por las protestas propalestinas que&hellip;\n","protected":false},"author":2,"featured_media":133613,"comment_status":"","ping_status":"","sticky":false,"template":"","format":"standard","meta":{"footnotes":""},"categories":[273],"tags":[5404,3196,313,7807,312,168,25,24,700,4596,698,549,34331,2315,4760,8019,23,167,575,1357],"class_list":{"0":"post-133612","1":"post","2":"type-post","3":"status-publish","4":"format-standard","5":"has-post-thumbnail","7":"category-ciclismo","8":"tag-africa","9":"tag-alto","10":"tag-ciclismo","11":"tag-claro","12":"tag-cycling","13":"tag-deportes","14":"tag-es","15":"tag-espana","16":"tag-europa","17":"tag-habla","18":"tag-pais","19":"tag-pogacar","20":"tag-propalestinas","21":"tag-protestas","22":"tag-seguro","23":"tag-siento","24":"tag-spain","25":"tag-sports","26":"tag-tras","27":"tag-vuelta"},"share_on_mastodon":{"url":"","error":""},"_links":{"self":[{"href":"https:\/\/www.europesays.com\/es\/wp-json\/wp\/v2\/posts\/133612","targetHints":{"allow":["GET"]}}],"collection":[{"href":"https:\/\/www.europesays.com\/es\/wp-json\/wp\/v2\/posts"}],"about":[{"href":"https:\/\/www.europesays.com\/es\/wp-json\/wp\/v2\/types\/post"}],"author":[{"embeddable":true,"href":"https:\/\/www.europesays.com\/es\/wp-json\/wp\/v2\/users\/2"}],"replies":[{"embeddable":true,"href":"https:\/\/www.europesays.com\/es\/wp-json\/wp\/v2\/comments?post=133612"}],"version-history":[{"count":0,"href":"https:\/\/www.europesays.com\/es\/wp-json\/wp\/v2\/posts\/133612\/revisions"}],"wp:featuredmedia":[{"embeddable":true,"href":"https:\/\/www.europesays.com\/es\/wp-json\/wp\/v2\/media\/133613"}],"wp:attachment":[{"href":"https:\/\/www.europesays.com\/es\/wp-json\/wp\/v2\/media?parent=133612"}],"wp:term":[{"taxonomy":"category","embeddable":true,"href":"https:\/\/www.europesays.com\/es\/wp-json\/wp\/v2\/categories?post=133612"},{"taxonomy":"post_tag","embeddable":true,"href":"https:\/\/www.europesays.com\/es\/wp-json\/wp\/v2\/tags?post=133612"}],"curies":[{"name":"wp","href":"https:\/\/api.w.org\/{rel}","templated":true}]}}