{"id":133616,"date":"2025-09-23T10:21:10","date_gmt":"2025-09-23T10:21:10","guid":{"rendered":"https:\/\/www.europesays.com\/es\/133616\/"},"modified":"2025-09-23T10:21:10","modified_gmt":"2025-09-23T10:21:10","slug":"la-incorporacion-de-valtonen-como-agua-de-mayo-para-el-fisico-del-coviran","status":"publish","type":"post","link":"https:\/\/www.europesays.com\/es\/133616\/","title":{"rendered":"La incorporaci\u00f3n de Valtonen, como agua de mayo para el f\u00edsico del Covir\u00e1n"},"content":{"rendered":"<p>A menos de dos semanas para que comience la Liga Endesa, el Covir\u00e1n sigue trabajando en la puesta a punto de su equipo para que  &#8230; ser\u00e1, sin duda, un exigente inicio de curso, con rivales directos a domicilio y muchos &#8216;gallos&#8217; visitando el Palacio de los Deportes en el primer tercio liguero. Tras haber jugado cuatro amistosos, dos compromisos le quedan por delante a la escuadra de Ram\u00f3n D\u00edaz. Ambos ser\u00e1n en la ciudad de la Alhambra, que esta misma semana visitar\u00e1n el Dreamland Gran Canaria \u2014jueves 25, a puerta cerrada\u2014 y UCAM Murcia \u2014domingo a las 12.30h, en la presentaci\u00f3n de los rojinegros ante su afici\u00f3n\u2013.<\/p>\n<p class=\"v-p\">Uno de los aspectos que est\u00e1 marcando las prestaciones por el momento del equipo granadino es el alto nivel f\u00edsico con el que pretender jugar. No es sencillo mantener esa intensidad durante cuarenta minutos y la fatiga le ha pesado a los rojinegros en los partidos, si bien es cierto que, tras el \u00faltimo ante el San Pablo Burgos, D\u00edaz asegur\u00f3 ver ya \u00abmuy cerca del nivel que quiero\u00bb a los suyos. En ese sentido, la incorporaci\u00f3n de Elias Valtonen supone un extra para la rotaci\u00f3n del Covir\u00e1n. El fin\u00e9s llega con la moral por las nubes tras su gran Eurobasket, adem\u00e1s l\u00f3gicamente de en un gran estado de forma. No viaj\u00f3 con sus compa\u00f1eros a Fuenlabrada para el duelo ante los burgaleses, pero en los entrenamientos posteriores ya ha empezado a dejar su sello. Fuentes del club aseguran que el impacto del n\u00f3rdico, sobre todo en defensa y rebote, ha sido evidente en las sesiones. Ahora, pese a ser uno de los veteranos del equipo, el reto con \u00e9l es lograr una adaptaci\u00f3n r\u00e1pida a los sistemas ofensivos y defensivos, consciente el t\u00e9cnico de que, una vez que se adapte, Valtonen ser\u00e1 una pieza trascendental en su libreto.<\/p>\n<p class=\"v-p\">D\u00edaz quiere que su equipo sea capaz de ser s\u00f3lido a ambos lados de la cancha a trav\u00e9s de un alto ritmo de juego. Especialmente atr\u00e1s, ser muy molesto para sus rivales y, l\u00f3gicamente, tambi\u00e9n un buen conjunto en la faceta reboteadora. En ese sentido, en el fuero interno del vestuario se conf\u00eda en que este jueves frente al &#8216;Granca&#8217; se ofrezca una gran versi\u00f3n f\u00edsica, muy parecida ya a la que se tendr\u00e1 que dar en el estreno de la temporada oficial, cuando el Joventut Badalona visite Granada. M\u00e1s exigente a\u00fan podr\u00eda ser el \u00faltimo amistoso, ante el UCAM, sin ni tan siquiera 72 horas de descanso tras recibir a los insulares y teniendo enfrente a otro equipo de gran potencial atl\u00e9tico que, eso s\u00ed, llegar\u00e1 a Granada tambi\u00e9n desgastado, tras haber disputado en Samokov (Bulgaria) la fase previa de la FIBA Basketball Champions League. En todo caso, ello no ser\u00e1 \u00f3bice para que los rojinegros traten de dar una buena imagen, al ser la primera vez que jueguen ante su p\u00fablico desde la llegada de D\u00edaz. Aunque, eso s\u00ed, lo har\u00e1n con las piernas cargadas tras haber jugado el jueves.<\/p>\n<p class=\"v-p\">Mientras, en estos d\u00edas el cuerpo t\u00e9cnico se afana tambi\u00e9n en tratar de enriquecer la propuesta t\u00e1ctica, tanto en la cancha delantera como trasera. Conseguir que el Covir\u00e1n sea un equipo imprevisible puede ser una de las claves para el \u00e9xito en un ejercicio que ya est\u00e1 a la vuelta de la esquina y, para ello, la suma de Valtonen tambi\u00e9n ha sido muy apreciada. A sus 26 a\u00f1os, se conf\u00eda en que el finland\u00e9s sume a sus ya conocidas virtudes otro paso m\u00e1s en cuanto a su responsabilidad ofensiva respecto a un jugador que ya ha demostrado ser muy v\u00e1lido en sus dos primeros ejercicios en Granada.<\/p>\n","protected":false},"excerpt":{"rendered":"A menos de dos semanas para que comience la Liga Endesa, el Covir\u00e1n sigue trabajando en la puesta&hellip;\n","protected":false},"author":2,"featured_media":133617,"comment_status":"","ping_status":"","sticky":false,"template":"","format":"standard","meta":{"footnotes":""},"categories":[269],"tags":[5051,299,298,3446,168,25,24,2723,13058,10695,23,167,8928],"class_list":{"0":"post-133616","1":"post","2":"type-post","3":"status-publish","4":"format-standard","5":"has-post-thumbnail","7":"category-baloncesto","8":"tag-agua","9":"tag-baloncesto","10":"tag-basketball","11":"tag-coviran","12":"tag-deportes","13":"tag-es","14":"tag-espana","15":"tag-fisico","16":"tag-incorporacion","17":"tag-mayo","18":"tag-spain","19":"tag-sports","20":"tag-valtonen"},"share_on_mastodon":{"url":"","error":""},"_links":{"self":[{"href":"https:\/\/www.europesays.com\/es\/wp-json\/wp\/v2\/posts\/133616","targetHints":{"allow":["GET"]}}],"collection":[{"href":"https:\/\/www.europesays.com\/es\/wp-json\/wp\/v2\/posts"}],"about":[{"href":"https:\/\/www.europesays.com\/es\/wp-json\/wp\/v2\/types\/post"}],"author":[{"embeddable":true,"href":"https:\/\/www.europesays.com\/es\/wp-json\/wp\/v2\/users\/2"}],"replies":[{"embeddable":true,"href":"https:\/\/www.europesays.com\/es\/wp-json\/wp\/v2\/comments?post=133616"}],"version-history":[{"count":0,"href":"https:\/\/www.europesays.com\/es\/wp-json\/wp\/v2\/posts\/133616\/revisions"}],"wp:featuredmedia":[{"embeddable":true,"href":"https:\/\/www.europesays.com\/es\/wp-json\/wp\/v2\/media\/133617"}],"wp:attachment":[{"href":"https:\/\/www.europesays.com\/es\/wp-json\/wp\/v2\/media?parent=133616"}],"wp:term":[{"taxonomy":"category","embeddable":true,"href":"https:\/\/www.europesays.com\/es\/wp-json\/wp\/v2\/categories?post=133616"},{"taxonomy":"post_tag","embeddable":true,"href":"https:\/\/www.europesays.com\/es\/wp-json\/wp\/v2\/tags?post=133616"}],"curies":[{"name":"wp","href":"https:\/\/api.w.org\/{rel}","templated":true}]}}