{"id":133622,"date":"2025-09-23T10:25:08","date_gmt":"2025-09-23T10:25:08","guid":{"rendered":"https:\/\/www.europesays.com\/es\/133622\/"},"modified":"2025-09-23T10:25:08","modified_gmt":"2025-09-23T10:25:08","slug":"leonardo-padura-hablara-de-su-libro-morir-en-la-arena-en-la-biblioteca-grupo-cantico","status":"publish","type":"post","link":"https:\/\/www.europesays.com\/es\/133622\/","title":{"rendered":"Leonardo Padura hablar\u00e1 de su libro &#8216;Morir en la arena&#8217; en la biblioteca Grupo C\u00e1ntico"},"content":{"rendered":"<p class=\"ft-text ft-helper-align-justify\">El Centro Andaluz de las Letras abre el oto\u00f1o literario con la visita del <strong>escritor cubano Leonardo Padura, <\/strong>Premio Princesa de Asturias de las Letras 2015 y autor de una saga de novelas polic\u00edacas que han sido publicadas en numerosos idiomas y por las que <strong>ha recibido incontables premios. <\/strong><\/p>\n<p class=\"ft-text ft-helper-align-justify\">Su reciente novela, Morir en la arena, ha tra\u00eddo a Padura a tierras andaluzas y la \u00faltima parada ser\u00e1 este<strong> mi\u00e9rcoles 24 en C\u00f3rdoba a las 19 horas<\/strong> en la biblioteca Grupo C\u00e1ntico, donde conversar\u00e1 <strong>con la escritora Azahara Palomeque. <\/strong><\/p>\n<p class=\"ft-text ft-helper-align-justify\">En Morir en la arena, Padura recorre <strong>50 a\u00f1os de historia de Cuba<\/strong> a trav\u00e9s de un relato de amor y familia, con el trasfondo de la vida de Rodolfo. Este personaje, reci\u00e9n jubilado, recibe la inquietante noticia de que van a excarcelar a su hermano Geni, quien a\u00f1os atr\u00e1s mat\u00f3 a su padre; un asesinato que cambi\u00f3 la vida de todos en la familia. Solo la llegada de la hija de Rodolfo y la intervenci\u00f3n de un joven triunfador en una Habana desahuciada dar\u00e1n apoyo a Rodolfo.<\/p>\n<p class=\"ft-text ft-helper-align-justify\">Padura, nacido en La Habana en 1955, ha logrado el reconocimiento internacional con las novelas polic\u00edacas protagonizadas por Mario Conde: Pasado perfecto, Vientos de cuaresma, M\u00e1scaras, Paisaje de oto\u00f1o, Adi\u00f3s, Hemingway, La neblina del ayer, La cola de la serpiente, La transparencia del tiempo y Personas decentes.<\/p>\n<p class=\"ft-text ft-helper-align-justify\">En C\u00f3rdoba Azahara Palomeque conducir\u00e1 la actividad. Palomeque <strong>ha publicado cuatro poemarios<\/strong>: American Poems, En la ceniza blanca de las enc\u00edas, RIP y Curr\u00edculum. Ha publicado el libro de cr\u00f3nicas A\u00f1o 9: cr\u00f3nicas catastr\u00f3ficas en la era Trump, la novela Hurac\u00e1n de negras palomas y el ensayo Vivir peor que nuestros padres. Despu\u00e9s de residir en el Sur durante su infancia y juventud, se traslad\u00f3 a Madrid y posteriormente a EEUU. Actualmente se dedica a la escritura en una buhardilla de C\u00f3rdoba y es columnista de El Pa\u00eds. Los cordobeses podr\u00e1n disfrutar de este encuentro el mi\u00e9rcoles 24 de septiembre a las 19 horas en la Biblioteca Grupo C\u00e1ntico.<\/p>\n","protected":false},"excerpt":{"rendered":"El Centro Andaluz de las Letras abre el oto\u00f1o literario con la visita del escritor cubano Leonardo Padura,&hellip;\n","protected":false},"author":2,"featured_media":133623,"comment_status":"","ping_status":"","sticky":false,"template":"","format":"standard","meta":{"footnotes":""},"categories":[172],"tags":[8930,224,42571,146,147,25,24,42570,42569,2253,1496,225,2616,32148,23],"class_list":{"0":"post-133622","1":"post","2":"type-post","3":"status-publish","4":"format-standard","5":"has-post-thumbnail","7":"category-libros","8":"tag-biblioteca","9":"tag-books","10":"tag-centro-andaluz-de-las-letras","11":"tag-entertainment","12":"tag-entretenimiento","13":"tag-es","14":"tag-espana","15":"tag-grupo-cantico","16":"tag-hablara","17":"tag-leonardo","18":"tag-libro","19":"tag-libros","20":"tag-morir","21":"tag-padura","22":"tag-spain"},"share_on_mastodon":{"url":"","error":""},"_links":{"self":[{"href":"https:\/\/www.europesays.com\/es\/wp-json\/wp\/v2\/posts\/133622","targetHints":{"allow":["GET"]}}],"collection":[{"href":"https:\/\/www.europesays.com\/es\/wp-json\/wp\/v2\/posts"}],"about":[{"href":"https:\/\/www.europesays.com\/es\/wp-json\/wp\/v2\/types\/post"}],"author":[{"embeddable":true,"href":"https:\/\/www.europesays.com\/es\/wp-json\/wp\/v2\/users\/2"}],"replies":[{"embeddable":true,"href":"https:\/\/www.europesays.com\/es\/wp-json\/wp\/v2\/comments?post=133622"}],"version-history":[{"count":0,"href":"https:\/\/www.europesays.com\/es\/wp-json\/wp\/v2\/posts\/133622\/revisions"}],"wp:featuredmedia":[{"embeddable":true,"href":"https:\/\/www.europesays.com\/es\/wp-json\/wp\/v2\/media\/133623"}],"wp:attachment":[{"href":"https:\/\/www.europesays.com\/es\/wp-json\/wp\/v2\/media?parent=133622"}],"wp:term":[{"taxonomy":"category","embeddable":true,"href":"https:\/\/www.europesays.com\/es\/wp-json\/wp\/v2\/categories?post=133622"},{"taxonomy":"post_tag","embeddable":true,"href":"https:\/\/www.europesays.com\/es\/wp-json\/wp\/v2\/tags?post=133622"}],"curies":[{"name":"wp","href":"https:\/\/api.w.org\/{rel}","templated":true}]}}