{"id":133656,"date":"2025-09-23T10:45:07","date_gmt":"2025-09-23T10:45:07","guid":{"rendered":"https:\/\/www.europesays.com\/es\/133656\/"},"modified":"2025-09-23T10:45:07","modified_gmt":"2025-09-23T10:45:07","slug":"la-tremenda-rajada-del-padre-de-lamine-yamal-es-el-mayor-dano-moral-a-un-ser-humano-la-razon","status":"publish","type":"post","link":"https:\/\/www.europesays.com\/es\/133656\/","title":{"rendered":"La tremenda rajada del padre de Lamine Yamal: &quot;Es el mayor da\u00f1o moral a un ser humano&quot; &#8211; La Raz\u00f3n"},"content":{"rendered":"<ol>\n<li><a href=\"https:\/\/news.google.com\/rss\/articles\/CBMizAFBVV95cUxONVNlakN3b1ZYLW5IZ2FYLUVreTlMLVQ0NXdsLTE5aTdSRUNSdkZJX1ZKQ044RmRhU2JhWXlybG9VMmlxSy1kMldmU2xRS0RYRHo3YmN0SUV6YjFSX1B1VTJRNnlUZEZENXEwMDhBTTB3YUYwMXltRURBTW40el9INTFMZjVnMENkMGplYWt3S3dadm5wbXhhUVRMWGdoQ3dlVlVxSWlZRXpLM1V4cWI2R1JkaFY3cUcyajNYYU4xVnFqTjlRckxCa3lkWUzSAeABQVVfeXFMTWhCV2k2N1hadmZLT3JxVndQY28yZFlNQUNVQlhFazh2RXl0b3ZfNTJCd1VqamVMMXRUeVF3M2FNZVV3RTRFbDZiQV90eEVnNlNPenhsRlJRQ01XYVFab0hXWnJzWHprdXlpaWQwY24xeVlYbG9WSWxlUVNldmtNeElzTE9EclBSczM5YWNDa1o5TzFMY0FSUEhCUXVOWGoyNUg4RGZFa2lyZTN4RzV4cXFMVGdoTzFVRm9VTWFzUzBWQnZHNTVzcUhhNVUyVERSNVdJS3QyclNtNV9IX3kxSG4?oc=5\" target=\"_blank\" rel=\"nofollow noopener\">La tremenda rajada del padre de Lamine Yamal: \u00abEs el mayor da\u00f1o moral a un ser humano\u00bb<\/a>&nbsp;&nbsp;La Raz\u00f3n<\/li>\n<li><a href=\"https:\/\/news.google.com\/rss\/articles\/CBMimAFBVV95cUxPZ2ZMdk9faVV6a3lYTUVaS0d1b1FnZjJqNVo4dDgzM1RhcHliaEtFVzRNMDFac2IyWWN6WmhJLXVsYk9wTzMxdmx4aVRwYTdReHFiaTNLNmtxc0lVNFpUa3JCdTRZV2RFS2dwQmxha2xySDMtRW9DUzQtQUpMWVIzcTVCWHIzOHpMX2YzbmNzWXdMUmZmWmVfNw?oc=5\" target=\"_blank\" rel=\"nofollow noopener\">El padre de Lamine la l\u00eda: \u201cAqu\u00ed ha pasado algo muy raro&#8230;\u201d<\/a>&nbsp;&nbsp;Diario AS<\/li>\n<li><a href=\"https:\/\/news.google.com\/rss\/articles\/CBMilAFBVV95cUxPaVFjS3JLVExCQWt1S1p0dFBKNndPQXFzY0hqMUhwWXRTOVNWQTFlMkZJbXQ2ZW1oV0NZTXF4b2FvRlNTb3FYOFZoVjJ5UzdqUWJoNkZmTk5XWGpGbjZvNk03dXZuZEE5TG56Z2s5MUk0dXc1T3JtS1ctb3lxMFJWZGdOOE5CUWYtSmR6Zkd6clFBNG96?oc=5\" target=\"_blank\" rel=\"nofollow noopener\">El genio que frota la l\u00e1mpara del Bar\u00e7a | F\u00fatbol | Deportes<\/a>&nbsp;&nbsp;EL PA\u00cdS<\/li>\n<li><a href=\"https:\/\/news.google.com\/rss\/articles\/CBMingFBVV95cUxNQ2Zubm5McDlwS0hfX0lRTjNtNGdtTmdTVHUxa1VvU1E1ZkVaWjhYNC1wWFowamNsallWMm5BcC1HRmNucXY1TzJMQ1ZBMmctVmJSNkZoMl9xRXRqMU12VTIwQ21keGk2a1lhQ3RXTFpEVmQtN2lDU1dlSmswT3BBZ0h5UmY5TnI1QWY3VkxzMXR0RmFpOV8zcTU4cUI4UQ?oc=5\" target=\"_blank\" rel=\"nofollow noopener\">Lamine Yamal hace su propio equipo de f\u00fatbol: sin Nicki Nicole pero con 12 familiares en la gala del Bal\u00f3n de Oro<\/a>&nbsp;&nbsp;HOLA<\/li>\n<li><a href=\"https:\/\/news.google.com\/rss\/articles\/CBMirgFBVV95cUxPV0tTTC1aZ2VZU3dUa0hIaTVTWVVIanZ5VmY1RndsQ3FyaVFfQmdLU20yUjZlUzlwUTRXNWFRLUQyRVJOc3VLUHBtNEgyYl9tQ01iXzJsM19qeWtfOE1SVVJ1WVVsWHhXMWFlZURfSWd2c3VDQzVINGNiRHFiTGNUelUwRlZvNTdGdmdvdU1leXZHaDVOMTRBYkVvVFVHTzJhQkROMG9aWk1ZdnV3X0E?oc=5\" target=\"_blank\" rel=\"nofollow noopener\">Lamine surti\u00f3 de hamburguesas a toda la expedici\u00f3n del Bar\u00e7a en Par\u00eds<\/a>&nbsp;&nbsp;MARCA<\/li>\n<\/ol>\n","protected":false},"excerpt":{"rendered":"La tremenda rajada del padre de Lamine Yamal: \u00abEs el mayor da\u00f1o moral a un ser humano\u00bb&nbsp;&nbsp;La Raz\u00f3n&hellip;\n","protected":false},"author":2,"featured_media":133657,"comment_status":"","ping_status":"","sticky":false,"template":"","format":"standard","meta":{"footnotes":""},"categories":[268],"tags":[168,25,24,280,282,281,23,167],"class_list":{"0":"post-133656","1":"post","2":"type-post","3":"status-publish","4":"format-standard","5":"has-post-thumbnail","7":"category-futbol","8":"tag-deportes","9":"tag-es","10":"tag-espana","11":"tag-football","12":"tag-futbol","13":"tag-soccer","14":"tag-spain","15":"tag-sports"},"share_on_mastodon":{"url":"","error":""},"_links":{"self":[{"href":"https:\/\/www.europesays.com\/es\/wp-json\/wp\/v2\/posts\/133656","targetHints":{"allow":["GET"]}}],"collection":[{"href":"https:\/\/www.europesays.com\/es\/wp-json\/wp\/v2\/posts"}],"about":[{"href":"https:\/\/www.europesays.com\/es\/wp-json\/wp\/v2\/types\/post"}],"author":[{"embeddable":true,"href":"https:\/\/www.europesays.com\/es\/wp-json\/wp\/v2\/users\/2"}],"replies":[{"embeddable":true,"href":"https:\/\/www.europesays.com\/es\/wp-json\/wp\/v2\/comments?post=133656"}],"version-history":[{"count":0,"href":"https:\/\/www.europesays.com\/es\/wp-json\/wp\/v2\/posts\/133656\/revisions"}],"wp:featuredmedia":[{"embeddable":true,"href":"https:\/\/www.europesays.com\/es\/wp-json\/wp\/v2\/media\/133657"}],"wp:attachment":[{"href":"https:\/\/www.europesays.com\/es\/wp-json\/wp\/v2\/media?parent=133656"}],"wp:term":[{"taxonomy":"category","embeddable":true,"href":"https:\/\/www.europesays.com\/es\/wp-json\/wp\/v2\/categories?post=133656"},{"taxonomy":"post_tag","embeddable":true,"href":"https:\/\/www.europesays.com\/es\/wp-json\/wp\/v2\/tags?post=133656"}],"curies":[{"name":"wp","href":"https:\/\/api.w.org\/{rel}","templated":true}]}}