{"id":133658,"date":"2025-09-23T10:46:08","date_gmt":"2025-09-23T10:46:08","guid":{"rendered":"https:\/\/www.europesays.com\/es\/133658\/"},"modified":"2025-09-23T10:46:08","modified_gmt":"2025-09-23T10:46:08","slug":"alba-flores-arroja-luz-sobre-la-vida-y-la-muerte-de-antonio-flores","status":"publish","type":"post","link":"https:\/\/www.europesays.com\/es\/133658\/","title":{"rendered":"Alba Flores arroja luz sobre la vida y la muerte de Antonio Flores"},"content":{"rendered":"<p><a class=\"v-mdl-ath__fig-a\" href=\"https:\/\/www.elcorreo.com\/autor\/oskar-belategui-102.html\" title=\"Oskar Belategui\" rel=\"nofollow noopener\" target=\"_blank\"><br \/>\n<img decoding=\"async\" class=\"v-mdl-ath__img\" src=\"https:\/\/s2.ppllstatics.com\/comun\/img\/2014\/autor\/autor-102-foto-2.jpeg\" alt=\"Oskar Belategui\"\/><br \/>\n<\/a><\/p>\n<p class=\"v-mdl-ath__p v-mdl-ath__p--6\">\nMartes, 23 de septiembre 2025, 11:34<\/p>\n<p class=\"v-p\">Antonio Flores muri\u00f3 de pena quince d\u00edas despu\u00e9s de su madre. Fue el 30 de mayo de 1995, ten\u00eda 33 a\u00f1os y no pudo soportar el fallecimiento de Lola Flores, mito de Espa\u00f1a a cuya sombra creci\u00f3 un m\u00fasico que solo edit\u00f3 cuatro discos en quince a\u00f1os de carrera. Su hija, la actriz Alba Flores, sostiene al final del documental presentado en el Festival de San Sebasti\u00e1n el informe de la autopsia en una escena dur\u00edsima. Muerte accidental por parada cardiorrespiratoria. En la sangre, restos de opi\u00e1ceos, coca\u00edna, analg\u00e9sicos, ansiol\u00edticos y alcohol. Su mano estaba enyesada: se hab\u00eda roto la mu\u00f1eca al golpear la pared cuando conoci\u00f3 la muerte de la Faraona, v\u00edctima del c\u00e1ncer de mama.<\/p>\n<p class=\"v-p\">&#8216;Flores para Antonio&#8217;, programado fuera de concurso en la secci\u00f3n oficial, no es uno de esos documentales pagados por las discogr\u00e1ficas a mayor gloria de un artista. En la silla de director encontramos a Elena Molina e Isaki Lacuesta, ganador de dos Goyas y dos Conchas de Oro, garant\u00eda de libertad creativa. Su conductora y productora es Alba Flores, que ten\u00eda ocho a\u00f1os cuando muri\u00f3 su padre. Tres d\u00e9cadas despu\u00e9s explora su memoria con la ayuda de sus t\u00edas, Lolita y Rosario Flores, de su madre, Ana Villa, que siempre se ha mantenido en la sombra, y de artistas que le trataron, como Antonio Carmona, Ariel Rot y Joaqu\u00edn Sabina.<\/p>\n<p>Tr\u00e1iler de &#8216;Flores para Antonio&#8217;.<\/p>\n<p class=\"v-p\">&#8216;Flores para Antonio&#8217; se estrenar\u00e1 en cines el 28 de noviembre y llegar\u00e1 a Movistar Plus, su productora, a comienzos del pr\u00f3ximo a\u00f1o. Su repercusi\u00f3n provocar\u00e1 sin duda que vuelva a escucharse la m\u00fasica de Antonio Flores, que luch\u00f3 toda su vida contra las discogr\u00e1ficas en busca del control pleno de su carrera. Solo en 1994, cuando edit\u00f3 &#8216;Cosas m\u00edas&#8217;, se sinti\u00f3 satisfecho del rumbo que adoptaba, pero un a\u00f1o despu\u00e9s morir\u00eda. La pel\u00edcula recuerda temas que permanecen grabados a fuego en la memoria sentimental de una generaci\u00f3n: &#8216;No dudar\u00eda&#8217;, &#8216;No puedo enamorarme de ti&#8217;, &#8216;Cuerpo de mujer&#8217;, &#8216;Siete vidas&#8217;, &#8216;Una espina&#8217; o su versi\u00f3n de &#8216;Pongamos que hablo de Madrid&#8217;, uno de sus mayores pelotazos compuesto por Sabina.<\/p>\n<p class=\"v-p\">La pel\u00edcula entrelaza grabaciones familiares en Super 8 y v\u00eddeo que permanec\u00edan in\u00e9ditas hasta ahora, animaciones y collages, material de archivo televisivo del protagonista, con entrevistas y actuaciones, y el viaje de Alba Flores buceando en el pasado de su padre. Una catarsis que culmin\u00f3 en el concierto homenaje que se celebr\u00f3 en Vistalegre hace dos a\u00f1os, en el que la popular protagonista de &#8216;La casa de papel&#8217; y &#8216;Vis a vis&#8217; cant\u00f3 &#8216;La estrella&#8217;, su debilidad del repertorio paterno. Reflexion\u00f3 ante 8.000 almas: \u00abFue muy dif\u00edcil perderle tan pronto, pero me sirvi\u00f3 para aprender que el amor no se puede medir en tiempo\u00bb.<\/p>\n<p class=\"v-p\">Alba no estuvo en el funeral y hasta muchos a\u00f1os despu\u00e9s no pis\u00f3 la tumba de Antonio, enterrado en La Almudena junto a su madre. El hijo de Lola Flores y Antonio Gonz\u00e1lez &#8216;El Pesca\u00edlla&#8217; qued\u00f3 bautizado como &#8216;El Lolillo&#8217; nada m\u00e1s nacer. Creci\u00f3 en una familia rica y bohemia, que le puso una guitarra entre las manos cuando empez\u00f3 a andar. Pero tambi\u00e9n experiment\u00f3 que no le dejaran entrar a una piscina porque era un ni\u00f1o gitano. Sus amigos fueron rockeros y payos, y cuando empez\u00f3 a hacerse famoso con &#8216;No dudar\u00eda&#8217; era un hippy en peto vaquero. Como bien apunta Joaqu\u00edn Sabina, \u00abser hijo de Lola Flores y &#8216;El Pesca\u00edlla&#8217; ten\u00eda ventajas\u00bb.<\/p>\n<p><img decoding=\"async\" loading=\"lazy\" src=\"https:\/\/s2.ppllstatics.com\/rc\/www\/multimedia\/2025\/09\/23\/alba-flores-documental-ke3C--650x455@RC.jpg\" class=\"v-a-img\" width=\"650\" height=\"455\" alt=\"Alba Flores y su madre, Ana Villa, en la caseta de El Lerele donde muri\u00f3 Antonio Flores.\" data-voc-vtm-id=\"in-text-traffic\"\/><\/p>\n<p>Alba Flores y su madre, Ana Villa, en la caseta de El Lerele donde muri\u00f3 Antonio Flores.<\/p>\n<p><img loading=\"lazy\" decoding=\"async\" src=\"https:\/\/s2.ppllstatics.com\/rc\/www\/multimedia\/2025\/09\/23\/alba-flores-documental-ke3C--650x455@RC.jpg\" class=\"v-mdl__img-z\" width=\"650\" height=\"455\" alt=\"\"\/><\/p>\n<p class=\"v-p\">Es c\u00e9lebre la metedura de pata de Lola Flores en el programa de Jos\u00e9 Mar\u00eda I\u00f1igo, en el que se le escap\u00f3 que su ni\u00f1o de 21 a\u00f1os iba a comer a casa mientras hac\u00eda la mili. Se mont\u00f3 tal esc\u00e1ndalo que el autor de &#8216;Gran V\u00eda&#8217; sufri\u00f3 despu\u00e9s un servicio militar tan riguroso que, seg\u00fan \u00e9l, hab\u00eda sido el periodo de su vida en el que m\u00e1s se hab\u00eda drogado. Quienes le trataron le recuerda como un buen tipo desprendido, que invert\u00eda en la m\u00fasica lo que ganaba. \u00abDemasiado generoso, lo que luego no fueron con \u00e9l\u00bb, lamenta su hermana Lolita.<\/p>\n<p class=\"v-p\">Antonio sufr\u00eda una falta de autoestima que le llevaba a cuestionarse su val\u00eda como m\u00fasico y compositor. Su otra hermana, Rosario, le debe su carrera gracias al \u00e9xito de &#8216;Mi gato&#8217;. En una preciosa escena del documental, el clan Flores ve &#8216;Colegas&#8217;, la pel\u00edcula de Eloy de la Iglesia en la que Antonio actu\u00f3. Un hito del cine quinqui. &#8216;Flores para Antonio&#8217; no oculta la relaci\u00f3n con las drogas de su protagonista, incluidas sus \u00faltimas im\u00e1genes durante una rueda de prensa en Pamplona y el posterior concierto. El d\u00eda que naci\u00f3 Alba, confiesa en una grabaci\u00f3n, \u00abtom\u00e9, ese d\u00eda me volvi\u00f3 a coger la serpiente\u00bb. Entr\u00f3 y sali\u00f3 mil veces de retiros y cl\u00ednicas de desintoxicaci\u00f3n. Mientras, a la peque\u00f1a Alba le dec\u00edan en el colegio que su padre famoso era un drogadicto.<\/p>\n<p class=\"v-p\">Alba Flores ha preguntado muy poco por su padre en todos estos a\u00f1os, como observa Lolita en el filme. El tema seguramente era tab\u00fa en la familia. Conmueven las im\u00e1genes en las que improvisa blues de cr\u00eda junto a \u00e9l a la guitarra, y tambi\u00e9n verla ahora, a sus 38 a\u00f1os, en la caseta de madera en la que muri\u00f3 Antonio en la piscina de El Lerele, el chalet familiar de La Moraleja. \u00ab\u00bfCrees que a mi padre le dol\u00eda el mundo?\u00bb, pregunta Alba.<\/p>\n<p>Comenta<\/p>\n<p>Reporta un error<\/p>\n","protected":false},"excerpt":{"rendered":"Martes, 23 de septiembre 2025, 11:34 Antonio Flores muri\u00f3 de pena quince d\u00edas despu\u00e9s de su madre. Fue&hellip;\n","protected":false},"author":2,"featured_media":133659,"comment_status":"","ping_status":"","sticky":false,"template":"","format":"standard","meta":{"footnotes":""},"categories":[174],"tags":[9623,1247,42572,255,146,147,25,24,256,9646,1875,4920,57,23,2606],"class_list":{"0":"post-133658","1":"post","2":"type-post","3":"status-publish","4":"format-standard","5":"has-post-thumbnail","7":"category-famosos","8":"tag-alba","9":"tag-antonio","10":"tag-arroja","11":"tag-celebrities","12":"tag-entertainment","13":"tag-entretenimiento","14":"tag-es","15":"tag-espana","16":"tag-famosos","17":"tag-flores","18":"tag-luz","19":"tag-muerte","20":"tag-sobre","21":"tag-spain","22":"tag-vida"},"share_on_mastodon":{"url":"","error":""},"_links":{"self":[{"href":"https:\/\/www.europesays.com\/es\/wp-json\/wp\/v2\/posts\/133658","targetHints":{"allow":["GET"]}}],"collection":[{"href":"https:\/\/www.europesays.com\/es\/wp-json\/wp\/v2\/posts"}],"about":[{"href":"https:\/\/www.europesays.com\/es\/wp-json\/wp\/v2\/types\/post"}],"author":[{"embeddable":true,"href":"https:\/\/www.europesays.com\/es\/wp-json\/wp\/v2\/users\/2"}],"replies":[{"embeddable":true,"href":"https:\/\/www.europesays.com\/es\/wp-json\/wp\/v2\/comments?post=133658"}],"version-history":[{"count":0,"href":"https:\/\/www.europesays.com\/es\/wp-json\/wp\/v2\/posts\/133658\/revisions"}],"wp:featuredmedia":[{"embeddable":true,"href":"https:\/\/www.europesays.com\/es\/wp-json\/wp\/v2\/media\/133659"}],"wp:attachment":[{"href":"https:\/\/www.europesays.com\/es\/wp-json\/wp\/v2\/media?parent=133658"}],"wp:term":[{"taxonomy":"category","embeddable":true,"href":"https:\/\/www.europesays.com\/es\/wp-json\/wp\/v2\/categories?post=133658"},{"taxonomy":"post_tag","embeddable":true,"href":"https:\/\/www.europesays.com\/es\/wp-json\/wp\/v2\/tags?post=133658"}],"curies":[{"name":"wp","href":"https:\/\/api.w.org\/{rel}","templated":true}]}}