{"id":133660,"date":"2025-09-23T10:47:06","date_gmt":"2025-09-23T10:47:06","guid":{"rendered":"https:\/\/www.europesays.com\/es\/133660\/"},"modified":"2025-09-23T10:47:06","modified_gmt":"2025-09-23T10:47:06","slug":"josie-nos-abre-las-puertas-de-su-casa-solariega-en-la-mancha-he-huido-del-madrid-de-los-cogollos-del-cuchitril-a-precio-de-palacio-del-ruido-del-geranio-en-el-balcon","status":"publish","type":"post","link":"https:\/\/www.europesays.com\/es\/133660\/","title":{"rendered":"Josie nos abre las puertas de su casa solariega en La Mancha: \u201cHe huido del Madrid de los cogollos, del cuchitril a precio de palacio, del ruido, del geranio en el balc\u00f3n\u201d"},"content":{"rendered":"<p><strong>Josie nos abre las puertas de su proyecto m\u00e1s ambicioso, una casa solariega en La Mancha reconvertida en templo del arte y del oficio<\/strong><\/p>\n<p>\u201cPara conocer a la gente hay que ir a su casa\u201d, dilucidaba Goethe. Nuestros hogares hablan de qui\u00e9nes somos, de nuestras filias y fobias y tambi\u00e9n de aquello que queremos proyectar. Pero, a pesar de todo, son muy pocas las viviendas que acaban convirti\u00e9ndose en manifiesto. Villa Josie ha adquirido el estatus, despu\u00e9s de tres largos a\u00f1os de una complej\u00edsima <a href=\"https:\/\/www.revistaad.es\/articulos\/consejos-para-ahorrar-en-una-reforma\" rel=\"nofollow noopener\" target=\"_blank\">reforma,<\/a> de una gran performance vital. <strong>Villa Josie no es una casa cualquiera; es una suerte de \u201cutop\u00eda solariega\u201d, con ciertos \u201caires quijotescos\u201d<\/strong> tambi\u00e9n, como admite su propietario, el televisivo Jos\u00e9 Fern\u00e1ndez-Pacheco, com\u00fanmente conocido como <a data-offer-url=\"https:\/\/www.instagram.com\/josietv\/\" class=\"external-link\" data-event-click=\"{&quot;element&quot;:&quot;ExternalLink&quot;,&quot;outgoingURL&quot;:&quot;https:\/\/www.instagram.com\/josietv\/&quot;}\" href=\"https:\/\/www.instagram.com\/josietv\/\" rel=\"nofollow noopener\" target=\"_blank\">Josie<\/a> \u2013estilista, comunicador y esteta empedernido\u2013, que ha transformado este caser\u00f3n manchego del siglo XVIII (heredado de sus t\u00edas abuelas) en <strong>un templo donde la artesan\u00eda cl\u00e1sica y la contempor\u00e1nea dialogan a la perfecci\u00f3n con un despliegue de mobiliario de estilo alfonsino.<\/strong><\/p>\n<p>El patio interior de columnas con paredes verde jade, con pavimento de baldosa original de terrazo Tutti-Fruti y columnas y jambas pintadas de jabelga color piedra, todo de Croma Natural Paint. El arrimadero es verde Azuer, en honor al afluente del Guadiana que pasa por Manzanares, creado por MC Pinturas. Al fondo, sobre la consola isabelina, retrato de \u00darsula Clarke por Hip\u00f3lito Hidalgo de Caviedes. Las plantas son de Vivercid con macetas de cer\u00e1mica esmaltada de Terracota M\u00e9rida; los mecanismos el\u00e9ctricos pertenecen a la colecci\u00f3n Garby colonial, de Fontini; mientras que el atrezo floral en la escalera es de Floreale.<\/p>\n<p>\u00a9 Pablo Zamora, realizaci\u00f3n: Cito Ballesta<strong>La utop\u00eda solariega de Villa Josie<\/strong><\/p>\n<p>Ubicada en Manzanares, Castilla-La Mancha, en el coraz\u00f3n de una tierra que fue rica en vino y esplendor, y que guarda a\u00fan el eco de la oligarqu\u00eda agro-alimentaria que levant\u00f3 construcciones como esta con columnas de piedra, <a href=\"https:\/\/www.revistaad.es\/decoracion\/galerias\/patios-que-son-mejores-que-terrazas\/8674\" rel=\"nofollow noopener\" target=\"_blank\">patios<\/a> empedrados, bodegas y almazaras que luchan contra el olvido y la especulaci\u00f3n; Villa Josie re\u00fane todo esto en su interior. <strong>\u201cAqu\u00ed he huido del Madrid de los cogollos, del cuchitril a precio de palacio, del ruido, del geranio en el balc\u00f3n\u201d, relata con convicci\u00f3n.<\/strong><\/p>\n<p>En su alcoba, cama alfonsina vestida con antiguas batistas de algod\u00f3n de Viuda de Tolr\u00e1 y s\u00e1banas finas heredadas de sus t\u00edas abuelas. Los almohadones en sat\u00e9n de algod\u00f3n org\u00e1nico con remates de hilo carmes\u00ed, de Gayle Warwick para Hahn Design, tienen el anagrama de Villa Josie bordado. Por su parte, la colcha es una pieza \u00fanica de \u00c1bbatte, con urdimbre de lino verde bosque, trama de lana merino gris y uniones zigzag de alpaca en azul petr\u00f3leo. Sobre el arrimadero, pintado de blanco antiguo por MC Pinturas, paredes encaladas con azul Moonstone, de Croma Natural Paint. Los mecanismos el\u00e9ctricos de porcelana blanca son de la colecci\u00f3n Garby Colonial de Fontini. El tr\u00edptico que descansa sobre el cabecero es obra de Mario Ant\u00f3n, y est\u00e1 suspendido en una pareja de varillas de lat\u00f3n envejecido de Ferreter\u00eda Ortiz. A la izda., el atrezo floral del jarr\u00f3n de plata y cristal tallado es de Floreale; a la dcha., las zapatillas turcas amarillas son de Sabah.<\/p>\n<p>\u00a9 Pablo Zamora, realizaci\u00f3n: Cito Ballesta<strong>\u2018Festina Lente\u2019<\/strong><\/p>\n<p>Aqu\u00ed, entre <a href=\"https:\/\/www.revistaad.es\/diseno\/articulos\/mosaico-nolla-modernista-reina-interiorismo-actual\" rel=\"nofollow noopener\" target=\"_blank\">mosaicos<\/a> hidr\u00e1ulicos, paredes de jabelga, frescos aleg\u00f3ricos y un ej\u00e9rcito de golondrinas, ha encontrado un punto de inflexi\u00f3n existencial adornado con un nuevo lema de vida: festina lente (\u2018apres\u00farate lentamente\u2019, en lat\u00edn), una locuci\u00f3n que inspira la obra que el artista <a data-offer-url=\"https:\/\/www.instagram.com\/jmonzongasca\/\" class=\"external-link\" data-event-click=\"{&quot;element&quot;:&quot;ExternalLink&quot;,&quot;outgoingURL&quot;:&quot;https:\/\/www.instagram.com\/jmonzongasca\/&quot;}\" href=\"https:\/\/www.instagram.com\/jmonzongasca\/\" rel=\"nofollow noopener\" target=\"_blank\"><strong>Juan Monz\u00f3n Gasca<\/strong><\/a> proyecta con t\u00e9cnicas de pintura medieval de temple al huevo en el techo del sal\u00f3n rojo del siglo XIX que corona la planta de arriba, la de invierno. Tal ha sido la conexi\u00f3n entre Josie y el artista, que el antiguo tendedero de la casa es hoy el estudio de pintura de Monz\u00f3n, donde prepara y estudia las pruebas de color para el fresco del <a href=\"https:\/\/www.revistaad.es\/articulos\/salones-modernos-decoracion-eclectica\" rel=\"nofollow noopener\" target=\"_blank\">sal\u00f3n<\/a>. <strong>Entre otros, los surtidores de agua torneados a mano en terracota de la gran alberca del jard\u00edn, repleto de 40 variedades de rosas diferentes, o el emblema de Villa Josie, pintado en el mobiliario alfonsino y en los platos o bordado en la ropa de cama, son obra del artista zaragozano.<\/strong><\/p>\n<p><script async src=\"\/\/www.instagram.com\/embed.js\"><\/script><\/p>\n","protected":false},"excerpt":{"rendered":"Josie nos abre las puertas de su proyecto m\u00e1s ambicioso, una casa solariega en La Mancha reconvertida en&hellip;\n","protected":false},"author":2,"featured_media":133661,"comment_status":"","ping_status":"","sticky":false,"template":"","format":"standard","meta":{"footnotes":""},"categories":[173],"tags":[229,233,231,230,1530,8372,232,234,146,147,25,24,12444,23,13721],"class_list":{"0":"post-133660","1":"post","2":"type-post","3":"status-publish","4":"format-standard","5":"has-post-thumbnail","7":"category-arte-y-diseno","8":"tag-arte","9":"tag-arte-y-diseno","10":"tag-arts","11":"tag-arts-and-design","12":"tag-casas-ad","13":"tag-decoracion","14":"tag-design","15":"tag-diseno","16":"tag-entertainment","17":"tag-entretenimiento","18":"tag-es","19":"tag-espana","20":"tag-magazine","21":"tag-spain","22":"tag-textabovecentergridwidth"},"share_on_mastodon":{"url":"","error":""},"_links":{"self":[{"href":"https:\/\/www.europesays.com\/es\/wp-json\/wp\/v2\/posts\/133660","targetHints":{"allow":["GET"]}}],"collection":[{"href":"https:\/\/www.europesays.com\/es\/wp-json\/wp\/v2\/posts"}],"about":[{"href":"https:\/\/www.europesays.com\/es\/wp-json\/wp\/v2\/types\/post"}],"author":[{"embeddable":true,"href":"https:\/\/www.europesays.com\/es\/wp-json\/wp\/v2\/users\/2"}],"replies":[{"embeddable":true,"href":"https:\/\/www.europesays.com\/es\/wp-json\/wp\/v2\/comments?post=133660"}],"version-history":[{"count":0,"href":"https:\/\/www.europesays.com\/es\/wp-json\/wp\/v2\/posts\/133660\/revisions"}],"wp:featuredmedia":[{"embeddable":true,"href":"https:\/\/www.europesays.com\/es\/wp-json\/wp\/v2\/media\/133661"}],"wp:attachment":[{"href":"https:\/\/www.europesays.com\/es\/wp-json\/wp\/v2\/media?parent=133660"}],"wp:term":[{"taxonomy":"category","embeddable":true,"href":"https:\/\/www.europesays.com\/es\/wp-json\/wp\/v2\/categories?post=133660"},{"taxonomy":"post_tag","embeddable":true,"href":"https:\/\/www.europesays.com\/es\/wp-json\/wp\/v2\/tags?post=133660"}],"curies":[{"name":"wp","href":"https:\/\/api.w.org\/{rel}","templated":true}]}}