{"id":133662,"date":"2025-09-23T10:48:14","date_gmt":"2025-09-23T10:48:14","guid":{"rendered":"https:\/\/www.europesays.com\/es\/133662\/"},"modified":"2025-09-23T10:48:14","modified_gmt":"2025-09-23T10:48:14","slug":"el-otono-literario-de-caceres-programa-25-presentaciones-de-libros-en-octubre-y-noviembre","status":"publish","type":"post","link":"https:\/\/www.europesays.com\/es\/133662\/","title":{"rendered":"El Oto\u00f1o Literario de C\u00e1ceres programa 25 presentaciones de libros en octubre y noviembre"},"content":{"rendered":"<p class=\"v-mdl-ath__p v-mdl-ath__p--6\">\nMartes, 23 de septiembre 2025, 12:39<\/p>\n<p class=\"v-p\">Un total de 25 presentaciones de libros y la celebraci\u00f3n del <strong>D\u00eda de las Escritoras<\/strong> el 16 de octubre componen la programaci\u00f3n del <strong>VI Oto\u00f1o Literario de C\u00e1ceres<\/strong>, que se celebrar\u00e1 en los meses de octubre y noviembre. La programaci\u00f3n, presentada este martes, es diversa tanto en g\u00e9neros literarios como en el p\u00fablico al que van dirigidas las obras, con libros sobre temas como los riesgos del uso de Internet por los m\u00e1s peque\u00f1os o la discapacidad.<\/p>\n<p class=\"v-p\">Las autoras que participar\u00e1n en una <strong>mesa redonda<\/strong> el 16 de octubre son <strong>Mar\u00eda del Carmen Herrero Serradilla, Natalia Jim\u00e9nez Gonz\u00e1lez<\/strong>, la ilustradora <strong>Mari Rodr\u00edguez P\u00e9rez<\/strong> y <strong>Paquita Escobero Ferreir<\/strong><strong>a<\/strong>. Moderar\u00e1 Myriam Navas Reyes, coordinadora del Plan de Fomento de la Lectura de Extremadura.<\/p>\n<p class=\"v-p\">Los <strong>autores y las obras<\/strong> que se presentar\u00e1n son los siguientes, a falta de hacerse p\u00fablicas las fechas.<\/p>\n<p class=\"v-p\">1.- Dionisio L\u00f3pez, &#8216;Los \u00faltimos del Oeste. Poetas extreme\u00f1os del Siglo XXI&#8217;, poes\u00eda <\/p>\n<p class=\"v-p\">2.- Jorge Sol\u00eds, dos libros: &#8216;Cantares del m\u00e1s ac\u00e1&#8217;, poes\u00eda; y &#8216;Hipias&#8217;, teatro.<\/p>\n<p class=\"v-p\">3.- Cora Ib\u00e1\u00f1ez, &#8216;Bolsitas literarias&#8217;. Escritura Creativa de la Universidad Popular.<\/p>\n<p class=\"v-p\">4.- Paulina Rodr\u00edguez Gonz\u00e1lez, &#8216;Reflejos&#8217;. Relatos<\/p>\n<p class=\"v-p\">5.- Julio P\u00e9rez Gonz\u00e1lez, &#8216;Match (invasi\u00f3n)&#8217;. Novela polic\u00edaca<\/p>\n<p class=\"v-p\">6.- Mar\u00eda Jes\u00fas Garc\u00eda Fern\u00e1ndez, &#8216;Encaje&#8217;. Relatos mundo rural. <\/p>\n<p class=\"v-p\">7.- Juan Manuel Bermejo Vivas, &#8216;Lucio se siente solo&#8217;. Prosa po\u00e9tica juvenil<\/p>\n<p class=\"v-p\">8.- Eusebio Medina Garc\u00eda, &#8216;Memorias de la frontera. Historias de la Sierra Fr\u00eda&#8217;. Sociolog\u00eda. <\/p>\n<p class=\"v-p\">9.- Jos\u00e9 M\u00aa Mart\u00edn Mart\u00edn, &#8216;Donde el agua calla&#8217;. Novela hist\u00f3rica <\/p>\n<p class=\"v-p\">10.- Antonio Bueno Flores, &#8216;Gu\u00eda De C\u00e1ceres (espa\u00f1ol-ingl\u00e9s)&#8217;. Gu\u00eda tur\u00edstica<\/p>\n<p class=\"v-p\">11.- Pilar Alc\u00e1ntara Gonz\u00e1lez, &#8216;El camino m\u00e1gico de Ana&#8217; (escrito junto a Elvira Bueno) Cuento sobre la discapacidad. (A partir 10-12 a\u00f1os) <\/p>\n<p class=\"v-p\">12.- Pilar Alc\u00e1ntara Gonz\u00e1lez, &#8216;Letrisustos y Casimiedos&#8217;. Cuentacuentos en torno al D\u00eda de los difuntos.<\/p>\n<p class=\"v-p\">13.- Teo Carrasco, &#8216;La venganza de \u00darsula. Las aventuras de Miriam Chuli y Tito Teo&#8217;. Infantil sobre los riesgos de internet. <\/p>\n<p class=\"v-p\">14.- Dar\u00edo Gonz\u00e1lez y Mery Rodr\u00edguez, &#8216;La hormiga valiente&#8217;. Infantil<\/p>\n<p class=\"v-p\">15.- Fran Mart\u00edn, &#8216;El poeta del bot\u00e1nico&#8217;. Novela<\/p>\n<p class=\"v-p\">16.- Gonzalo Barrientos, &#8216;Aproximaci\u00f3n al paisaje vegetal de la ciudad de C\u00e1ceres&#8217;. Parques y Jardines de C\u00e1ceres. Arte (pinturas).<\/p>\n<p class=\"v-p\">17.- Raquel Silva Merch\u00e1n, &#8216;Ocho segundos para enamorarme&#8217;. Novela<\/p>\n<p class=\"v-p\">18.- Jesus Jelsh, &#8216;Eres t\u00fa mismo\/a \u00a1Adelante!&#8217;. Autoayuda y autoconocimiento. <\/p>\n<p class=\"v-p\">19.- Raquel Gamero, &#8216;Mis m\u00e1s bellas cicatrices&#8217;. Poes\u00eda <\/p>\n<p class=\"v-p\">20.- Faustino Lobato, &#8216;Donde el alma ignora&#8217;, &#8216;Notas para no esconder la luz&#8217;. &#8216;En el alfabeto del tiempo&#8217;. Poes\u00eda <\/p>\n<p class=\"v-p\">21.- Alberto V\u00e1zquez Cob\u00e1n, &#8216;Ventanas en la selva&#8217;. Poes\u00eda <\/p>\n<p class=\"v-p\">22.- Antonio Castro, &#8216;Y se quedar\u00e1n los p\u00e1jaros cantando&#8217;. Poes\u00eda <\/p>\n<p class=\"v-p\">23.- Jos\u00e9 Luis Villegas Agudo, &#8216;Proyecto Eva: Salvajes&#8217;. Novela de ficci\u00f3n.<\/p>\n<p class=\"v-p\">24.- Rosa L\u00f3pez Casero, &#8216;Las manos vac\u00edas&#8217;. Novela generacional <\/p>\n<p class=\"v-p\">25.- Paco de Borja, &#8216;La espetera de la abuela Dora y otras historias&#8217;.<\/p>\n<p class=\"v-p\">El concejal de Cultura, <strong>Jorge Su\u00e1rez<\/strong>, ha informado este martes en una ruda de prensa sobre este evento literario, al que considera \u00abuna cita obligada y otro hito en el que trabajamos para llegar a todos los p\u00fablicos, sobre todo por la diversidad de las presentaciones que tenemos\u00bb. \u00abQueremos que sea una parte muy activa de nuestra actividad cultural en este camino a la capitalidad cultural en 2031\u00bb, ha a\u00f1adido.<\/p>\n<p class=\"v-p\">Su\u00e1rez ha destacado que \u00abhabr\u00e1 poes\u00eda, relato, o la novela, en sus distintas categor\u00edas (hist\u00f3ricas, polic\u00edacas, rom\u00e1nticas y generacionales), y no pod\u00eda faltar el teatro, as\u00ed como estudios de sociolog\u00eda y el mundo rural, algo muy importante para nosotros\u00bb.<\/p>\n<p class=\"v-p\">Igualmente, ha a\u00f1adido que \u00aben esta edici\u00f3n estar\u00e1n muy presentes las publicaciones dirigidas al p\u00fablico infantil, fomentando la lectura para crear y trabajar en el pensamiento cr\u00edtico. Y no solo de cuentos y poes\u00eda infantil estamos hablando, sino obras en las que se tratar\u00e1n temas tan actuales como los riesgos del uso de Internet por los m\u00e1s peque\u00f1os de la casa o la discapacidad\u00bb.<\/p>\n<p class=\"v-p\">\u00abAprovechamos un a\u00f1o m\u00e1s para celebrar el <strong>D\u00eda de las Escritoras<\/strong>, uni\u00e9ndonos a la convocatoria que la Biblioteca Nacional realiza a todas las bibliotecas espa\u00f1olas\u00bb, ha destacado \u00aby nos acompa\u00f1ar\u00e1n cuatro mujeres diferentes de distintas localidades, formas de escribir y g\u00e9neros literarios (narrativa, cuento y prosa po\u00e9tica), vinculadas por la tierra y las emociones\u00bb.<\/p>\n<p>Comenta<\/p>\n<p>Reporta un error<\/p>\n","protected":false},"excerpt":{"rendered":"Martes, 23 de septiembre 2025, 12:39 Un total de 25 presentaciones de libros y la celebraci\u00f3n del D\u00eda&hellip;\n","protected":false},"author":2,"featured_media":133663,"comment_status":"","ping_status":"","sticky":false,"template":"","format":"standard","meta":{"footnotes":""},"categories":[172],"tags":[224,3975,146,147,25,24,225,12857,15355,9072,12190,27237,2145,23],"class_list":{"0":"post-133662","1":"post","2":"type-post","3":"status-publish","4":"format-standard","5":"has-post-thumbnail","7":"category-libros","8":"tag-books","9":"tag-caceres","10":"tag-entertainment","11":"tag-entretenimiento","12":"tag-es","13":"tag-espana","14":"tag-libros","15":"tag-literario","16":"tag-noviembre","17":"tag-octubre","18":"tag-otono","19":"tag-presentaciones","20":"tag-programa","21":"tag-spain"},"share_on_mastodon":{"url":"","error":""},"_links":{"self":[{"href":"https:\/\/www.europesays.com\/es\/wp-json\/wp\/v2\/posts\/133662","targetHints":{"allow":["GET"]}}],"collection":[{"href":"https:\/\/www.europesays.com\/es\/wp-json\/wp\/v2\/posts"}],"about":[{"href":"https:\/\/www.europesays.com\/es\/wp-json\/wp\/v2\/types\/post"}],"author":[{"embeddable":true,"href":"https:\/\/www.europesays.com\/es\/wp-json\/wp\/v2\/users\/2"}],"replies":[{"embeddable":true,"href":"https:\/\/www.europesays.com\/es\/wp-json\/wp\/v2\/comments?post=133662"}],"version-history":[{"count":0,"href":"https:\/\/www.europesays.com\/es\/wp-json\/wp\/v2\/posts\/133662\/revisions"}],"wp:featuredmedia":[{"embeddable":true,"href":"https:\/\/www.europesays.com\/es\/wp-json\/wp\/v2\/media\/133663"}],"wp:attachment":[{"href":"https:\/\/www.europesays.com\/es\/wp-json\/wp\/v2\/media?parent=133662"}],"wp:term":[{"taxonomy":"category","embeddable":true,"href":"https:\/\/www.europesays.com\/es\/wp-json\/wp\/v2\/categories?post=133662"},{"taxonomy":"post_tag","embeddable":true,"href":"https:\/\/www.europesays.com\/es\/wp-json\/wp\/v2\/tags?post=133662"}],"curies":[{"name":"wp","href":"https:\/\/api.w.org\/{rel}","templated":true}]}}