{"id":133678,"date":"2025-09-23T10:56:03","date_gmt":"2025-09-23T10:56:03","guid":{"rendered":"https:\/\/www.europesays.com\/es\/133678\/"},"modified":"2025-09-23T10:56:03","modified_gmt":"2025-09-23T10:56:03","slug":"euribor-hoy-23-de-septiembre-el-euribor-mantiene-en-vilo-a-los-hipotecados-con-sus-altibajos-expansion","status":"publish","type":"post","link":"https:\/\/www.europesays.com\/es\/133678\/","title":{"rendered":"Eur\u00edbor hoy, 23 de septiembre: el Eur\u00edbor mantiene en vilo a los hipotecados con sus altibajos &#8211; Expansi\u00f3n"},"content":{"rendered":"<ol>\n<li><a href=\"https:\/\/news.google.com\/rss\/articles\/CBMiiwFBVV95cUxNMUhoTjRqZURSbFh0ZG1RelNUQk1oMWptc0tBcHlHRG90ZlVHbUhnMXhPTjN2Y1ZxbDZyd191U2psODd4UDF3ZTBaMUxGOGNSZUZjUUNrNnpzWm85ZUNubFQ3Y01fbVd4RXlmRG12YXpOLXNPMkljbzZ4X3labktuLXcwNXNGcWZxMng40gGLAUFVX3lxTE5YVW4xSW84aGlucUlOVmU1a2JqWWxjVHVLQ3UxWW5mYkRqeVBoTU1JSHhfTHA4Q19YbUJQZ0ZRNmtrZkNDVEEwY0puVEp2aXl2Vmd3cnRPQTYyLUktZXJwdllxak9GUmUtZE81SFlZV0s1V2FzeS15TGZLdFRRT2Q3MHgzS1BfYTJxc00?oc=5\" target=\"_blank\" rel=\"nofollow noopener\">Eur\u00edbor hoy, 23 de septiembre: el Eur\u00edbor mantiene en vilo a los hipotecados con sus altibajos<\/a>&nbsp;&nbsp;Expansi\u00f3n<\/li>\n<li><a href=\"https:\/\/news.google.com\/rss\/articles\/CBMi0wFBVV95cUxNeW1Yc1VjVEpvclFCN3pNaEFhcnJPT0FaeGxEbTUzNjhORzVualktXzlvUFRzOGhFLVlYSFhsRzJNNHY0bjJhendOUWFyX1BMZDdiYTRkN3dCUEdBZTh1THpCcVRvUDNfQWxLRFhiVXc2TXVqQ3EyR012VVhZM1R0SXNma2I2ZFFlWDd2TlhDTEQza0k1enVTZEFObC1mR0dFR1V2eDNqVnZCcmo2cXBNVDVYV3hNVEJFdWc1OE4xNDZzVnROVk9SbjdqLUtMX0UxajV3?oc=5\" target=\"_blank\" rel=\"nofollow noopener\">Euribor hoy: valor actualizado del martes 23 de septiembre y media provisional del mes<\/a>&nbsp;&nbsp;La Vanguardia<\/li>\n<li><a href=\"https:\/\/news.google.com\/rss\/articles\/CBMicEFVX3lxTFBTS2dRazBDelNraEt5SVBmZUlIWmk1TXY4T2EtODhXeDdzS25XNko4NEFNOTJER0Z5WDZfUFJfT0N4Qk01SFRldnI5OXFkQlN4SmRrVGIwRjZlS0RwTTdBdWJWRHlsbzlTZUdZajNGLWnSAXZBVV95cUxNUi15YnNlSHQyVTFteUVmd1B0S2RaLXZ5c290MFd1anlDd25pV3FxLUVzekYwV1VjNUowRlNJZkd3SEs5OFNNV1hsU2UwZ25FMWJQMnFuQXE4SUJ2OFFLMzlFY2V2b1J6aExpak5McDZsaTZsWEln?oc=5\" target=\"_blank\" rel=\"nofollow noopener\">El eur\u00edbor hoy: repunta ligeramente hasta el 2,159%<\/a>&nbsp;&nbsp;Finanzas.com<\/li>\n<li><a href=\"https:\/\/news.google.com\/rss\/articles\/CBMif0FVX3lxTFA0bF9LM1ViN2tFTmExcWxOUXFWeUxHQ2V3anZsN2tjZzRGbFRWX25panVBbUVuZFZkQkpYdlRiT0VLZ2xvSGIyX3N5V28wSmNzQWM0NXVRaFNUT2psQ2t2SFBuUVhDZHhXQjJsLXZVV1BvbUpXZllrdm9tZ0hLb1nSAX9BVV95cUxOWloyZnN0OTRLTnJZU0dsZXdLblBJNk1xN1hrY3JzckhaQ0F2NW9jWUFPbTJkSklsdUtURXBwQ2l5bjhlclVVQVI2R2lRaFNJWkgyMTl2SXJqNENmMFFtQkU0VEs0emR6VkVNU2NsTkhDVXl0WlRDRnh1TFFHaW1F?oc=5\" target=\"_blank\" rel=\"nofollow noopener\">Temor entre los hipotecados por las subidas del Eur\u00edbor: un experto avanza qu\u00e9 pasar\u00e1 con las hipotecas<\/a>&nbsp;&nbsp;Ultima Hora<\/li>\n<li><a href=\"https:\/\/news.google.com\/rss\/articles\/CBMiiAFBVV95cUxOdnVZM2dsWXM0VWRpc1VSQTgySFYwTDdlREphOHBORlpBZ1JsT1Fjd1hpdXk3QmFFVDJqakRzd0dnUWxnVmxjVTBWU3doRTlVODZjQUljWFBDZXcxdGhrN2NMeFd3cnlpTDNsWFBzWG5QRzN3a2VnQ1RPZHZITU91RU9fblpsSXpF0gGIAUFVX3lxTFBaenlwZFlYY241UnBvc1VkVEZOeTJSZXM0Z1YzVW55UENSa0gxREJOTGFTRVV2U2swbl9SNURSdHRkLXdST2poaEQyRkJfc0ZGellodUFKNWRfNWFYNmJBZDdWQ1VBVWNzNG9Cd2dTMXdxSlBQNGE1a0Y0TDU4ZjF5dGRYYXFYdmk?oc=5\" target=\"_blank\" rel=\"nofollow noopener\">Eur\u00edbor hoy, lunes 22 de septiembre: m\u00ednimo repunte para encarar el inicio de la semana<\/a>&nbsp;&nbsp;El Mundo<\/li>\n<\/ol>\n","protected":false},"excerpt":{"rendered":"Eur\u00edbor hoy, 23 de septiembre: el Eur\u00edbor mantiene en vilo a los hipotecados con sus altibajos&nbsp;&nbsp;Expansi\u00f3n Euribor hoy:&hellip;\n","protected":false},"author":2,"featured_media":133679,"comment_status":"","ping_status":"","sticky":false,"template":"","format":"standard","meta":{"footnotes":""},"categories":[80],"tags":[82,95,94,25,24,10584,36666,24594,23],"class_list":{"0":"post-133678","1":"post","2":"type-post","3":"status-publish","4":"format-standard","5":"has-post-thumbnail","7":"category-economia","8":"tag-business","9":"tag-economia","10":"tag-economy","11":"tag-es","12":"tag-espana","13":"tag-euribor","14":"tag-mercados-euribor","15":"tag-nea","16":"tag-spain"},"share_on_mastodon":{"url":"","error":""},"_links":{"self":[{"href":"https:\/\/www.europesays.com\/es\/wp-json\/wp\/v2\/posts\/133678","targetHints":{"allow":["GET"]}}],"collection":[{"href":"https:\/\/www.europesays.com\/es\/wp-json\/wp\/v2\/posts"}],"about":[{"href":"https:\/\/www.europesays.com\/es\/wp-json\/wp\/v2\/types\/post"}],"author":[{"embeddable":true,"href":"https:\/\/www.europesays.com\/es\/wp-json\/wp\/v2\/users\/2"}],"replies":[{"embeddable":true,"href":"https:\/\/www.europesays.com\/es\/wp-json\/wp\/v2\/comments?post=133678"}],"version-history":[{"count":0,"href":"https:\/\/www.europesays.com\/es\/wp-json\/wp\/v2\/posts\/133678\/revisions"}],"wp:featuredmedia":[{"embeddable":true,"href":"https:\/\/www.europesays.com\/es\/wp-json\/wp\/v2\/media\/133679"}],"wp:attachment":[{"href":"https:\/\/www.europesays.com\/es\/wp-json\/wp\/v2\/media?parent=133678"}],"wp:term":[{"taxonomy":"category","embeddable":true,"href":"https:\/\/www.europesays.com\/es\/wp-json\/wp\/v2\/categories?post=133678"},{"taxonomy":"post_tag","embeddable":true,"href":"https:\/\/www.europesays.com\/es\/wp-json\/wp\/v2\/tags?post=133678"}],"curies":[{"name":"wp","href":"https:\/\/api.w.org\/{rel}","templated":true}]}}