{"id":133713,"date":"2025-09-23T11:20:06","date_gmt":"2025-09-23T11:20:06","guid":{"rendered":"https:\/\/www.europesays.com\/es\/133713\/"},"modified":"2025-09-23T11:20:06","modified_gmt":"2025-09-23T11:20:06","slug":"la-oposicion-de-los-cientificos-a-la-recomendacion-de-trump-de-que-las-mujeres-embarazadas-no-consuman-paracetamol-por-el-riesgo-de-autismo","status":"publish","type":"post","link":"https:\/\/www.europesays.com\/es\/133713\/","title":{"rendered":"La oposici\u00f3n de los cient\u00edficos a la recomendaci\u00f3n de Trump de que las mujeres embarazadas no consuman paracetamol por el riesgo de autismo"},"content":{"rendered":"<p><img fetchpriority=\"high\" decoding=\"async\" src=\"https:\/\/www.europesays.com\/es\/wp-content\/uploads\/2025\/09\/3713ca70-9868-11f0-9fad-d35dd71c4be3.jpg.webp.webp\"   alt=\"C\u00e1psulas de Tylenol\" loading=\"eager\" width=\"1024\" height=\"576\" style=\"aspect-ratio:1024 \/ 576\" class=\"bbc-139onq\"\/><\/p>\n<p class=\"bbc-by8ykd\" role=\"text\">Fuente de la imagen, Getty Images<\/p>\n<p>Pie de foto, En EE.UU. el producto m\u00e1s popular con paracetamol o acetaminof\u00e9n es el de la marca Tylenol.<strong id=\"article-byline\" aria-hidden=\"true\" class=\"bbc-m04vo2\">Informaci\u00f3n del art\u00edculo<\/strong><\/p>\n<ul class=\"bbc-1rvtlej\">\n<li class=\"bbc-oe8da4\">\n<ul role=\"list\" class=\"bbc-r1yif8\">\n<li>Autor, Madeline Halpert y Nadine Yousif<\/li>\n<li>T\u00edtulo del autor,  BBC News<\/li>\n<\/ul>\n<\/li>\n<li class=\"bbc-1clfxfc\">\n<p>50 minutos<\/p>\n<\/li>\n<li class=\"bbc-1clfxfc\"\/><\/ul>\n<p dir=\"ltr\" class=\"bbc-hhl7in e17g058b0\"><b>Los m\u00e9dicos de Estados Unidos pronto recibir\u00e1n la recomendaci\u00f3n de no recetar el analg\u00e9sico Tylenol a las mujeres embarazadas, seg\u00fan anunci\u00f3 el presidente Donald Trump, que cit\u00f3 una controvertida relaci\u00f3n entre el medicamento y el autismo.<\/b><\/p>\n<p dir=\"ltr\" class=\"bbc-hhl7in e17g058b0\">El mandatario hizo el anuncio este lunes en el Despacho Oval junto al secretario de Salud, Robert F. Kennedy Jr.<\/p>\n<p dir=\"ltr\" class=\"bbc-hhl7in e17g058b0\">Afirm\u00f3 que tomar paracetamol, el ingrediente principal del Tylenol, tambi\u00e9n conocido en Estados Unidos como acetaminof\u00e9n, \u00abno es bueno\u00bb, y que las mujeres embarazadas solo deben tomarlo en casos de fiebre extrema.<\/p>\n<p dir=\"ltr\" class=\"bbc-hhl7in e17g058b0\">Algunos estudios han demostrado una relaci\u00f3n entre las mujeres embarazadas que toman Tylenol y el autismo, pero estos hallazgos son inconsistentes y no concluyentes. <\/p>\n<p dir=\"ltr\" class=\"bbc-hhl7in e17g058b0\">El fabricante de Tylenol, Kenvue, ha defendido el uso del medicamento en mujeres embarazadas.<\/p>\n<p dir=\"ltr\" class=\"bbc-hhl7in e17g058b0\">\u00abCreemos que la ciencia independiente y s\u00f3lida demuestra claramente que tomar acetaminof\u00e9n no causa autismo. Estamos totalmente en desacuerdo con cualquier sugerencia en contrario y nos preocupa profundamente el riesgo para la salud que esto supone para las mujeres embarazadas\u00bb, dijo la empresa farmac\u00e9utica a la BBC.<\/p>\n<p dir=\"ltr\" class=\"bbc-hhl7in e17g058b0\">El paracetamol, el ingrediente activo del Tylenol, es la opci\u00f3n m\u00e1s segura para aliviar el dolor en las mujeres embarazadas, a\u00f1adi\u00f3 la declaraci\u00f3n escrita, y sin ese activo, las mujeres se enfrentan a una peligrosa elecci\u00f3n entre sufrir afecciones como la fiebre o utilizar alternativas m\u00e1s arriesgadas.<\/p>\n<p dir=\"ltr\" class=\"bbc-hhl7in e17g058b0\">Las acciones del fabricante se desplomaron tras el anuncio de la Casa Blanca.<\/p>\n<p>Pol\u00e9mica recomendaci\u00f3n<\/p>\n<p dir=\"ltr\" class=\"bbc-hhl7in e17g058b0\">Durante el anuncio del lunes, Kennedy dijo que la Administraci\u00f3n de Alimentos y Medicamentos (FDA, por sus siglas en ingl\u00e9s) emitir\u00e1 un aviso a los m\u00e9dicos sobre lo que dijo, es el riesgo potencial de tomar Tylenol durante el embarazo.<\/p>\n<p dir=\"ltr\" class=\"bbc-hhl7in e17g058b0\">Se\u00f1al\u00f3 que la FDA tambi\u00e9n iniciar\u00e1 el proceso para cambiar la etiqueta de seguridad del medicamento y lanzar\u00e1 una campa\u00f1a de salud p\u00fablica para crear conciencia.<\/p>\n<p><img decoding=\"async\" src=\"https:\/\/www.europesays.com\/es\/wp-content\/uploads\/2025\/09\/4b519010-981f-11f0-af62-91486a511a31.jpg.webp.webp\"   alt=\"Donald Trump habla desde la Casa Blanca\" loading=\"lazy\" width=\"1024\" height=\"682\" style=\"aspect-ratio:1024 \/ 682\" class=\"bbc-139onq\"\/><\/p>\n<p class=\"bbc-by8ykd\" role=\"text\">Fuente de la imagen, Getty Images<\/p>\n<p>Pie de foto, Trump dijo que tomar el ingrediente activo del Tylenol \u00abno es bueno\u00bb, aunque los cient\u00edficos rechazan esa afirmaci\u00f3n.<\/p>\n<p dir=\"ltr\" class=\"bbc-hhl7in e17g058b0\">El Colegio Estadounidense de Obstetras y Ginec\u00f3logos indic\u00f3 en un comunicado que el anuncio de la Casa Blanca \u00abno est\u00e1 respaldado por todas las pruebas cient\u00edficas y simplifica peligrosamente las numerosas y complejas causas de los problemas neurol\u00f3gicos en los ni\u00f1os\u00bb.<\/p>\n<p dir=\"ltr\" class=\"bbc-hhl7in e17g058b0\">Por otra parte, Kennedy a\u00f1adi\u00f3 que la FDA aprobar\u00e1 en breve el uso de leucovorina, un medicamento con d\u00e9cadas de antig\u00fcedad que se utiliza tradicionalmente para proteger a los pacientes de c\u00e1ncer contra la toxicidad de la quimioterapia, como tratamiento para los ni\u00f1os con autismo.<\/p>\n<p dir=\"ltr\" class=\"bbc-hhl7in e17g058b0\">El comisionado de la FDA, Marty Makary, afirm\u00f3 que la aprobaci\u00f3n se basar\u00e1 en investigaciones que, seg\u00fan \u00e9l, sugieren que el medicamento, que es una forma de vitamina B, puede ayudar a los ni\u00f1os con autismo que tienen deficiencia de folato a mejorar su comunicaci\u00f3n verbal.<\/p>\n<p>Las causas del autismo<\/p>\n<p dir=\"ltr\" class=\"bbc-hhl7in e17g058b0\">En abril, Kennedy se comprometi\u00f3 a realizar \u00abun esfuerzo masivo de pruebas e investigaci\u00f3n\u00bb para determinar la causa del autismo en cinco meses.<\/p>\n<p dir=\"ltr\" class=\"bbc-hhl7in e17g058b0\">Trump calific\u00f3 el lunes el aumento de los casos registrados de este padecimiento como una \u00abcrisis horrible\u00bb y un tema que le \u00abpreocupa mucho\u00bb.<\/p>\n<p dir=\"ltr\" class=\"bbc-hhl7in e17g058b0\">Sin embargo, los expertos han advertido que encontrar las causas del autismo, un s\u00edndrome complejo que se ha investigado durante d\u00e9cadas, no ser\u00e1 sencillo.<\/p>\n<p dir=\"ltr\" class=\"bbc-hhl7in e17g058b0\">La opini\u00f3n mayoritaria entre los investigadores es que no existe una \u00fanica causa del autismo, sino que se cree que es el resultado de una compleja combinaci\u00f3n de factores gen\u00e9ticos y ambientales.<\/p>\n<p><img decoding=\"async\" src=\"https:\/\/www.europesays.com\/es\/wp-content\/uploads\/2025\/09\/7a3bc170-981f-11f0-af62-91486a511a31.jpg.webp.webp\"   alt=\"Robert F. Kennedy Jr habla desde la Casa Blanca\" loading=\"lazy\" width=\"1024\" height=\"682\" style=\"aspect-ratio:1024 \/ 682\" class=\"bbc-139onq\"\/><\/p>\n<p class=\"bbc-by8ykd\" role=\"text\">Fuente de la imagen, Getty Images<\/p>\n<p>Pie de foto, Desde su nominaci\u00f3n como secretario de Salud, Kennedy Jr. ha hecho afirmaciones que contradicen a los estudios cient\u00edficos predominantes.<\/p>\n<p>Las investigaciones<\/p>\n<p dir=\"ltr\" class=\"bbc-hhl7in e17g058b0\">El Colegio Estadounidense de Obstetricia y Ginecolog\u00eda afirm\u00f3 que los m\u00e9dicos de todo el pa\u00eds han identificado sistem\u00e1ticamente al Tylenol como uno de los \u00fanicos analg\u00e9sicos seguros para las mujeres embarazadas.<\/p>\n<p dir=\"ltr\" class=\"bbc-hhl7in e17g058b0\">\u00abLos estudios realizados en el pasado no muestran pruebas claras que demuestren una relaci\u00f3n directa entre el uso prudente del paracetamol durante cualquier trimestre y los problemas de desarrollo fetal\u00bb, seg\u00fan el Colegio.<\/p>\n<p dir=\"ltr\" class=\"bbc-hhl7in e17g058b0\">El medicamento est\u00e1 recomendado por otros importantes grupos m\u00e9dicos, as\u00ed como por otros gobiernos de todo el mundo.<\/p>\n<p dir=\"ltr\" class=\"bbc-hhl7in e17g058b0\">En agosto, una revisi\u00f3n de la investigaci\u00f3n dirigida por el decano de la Escuela de Salud P\u00fablica Chan de la Universidad de Harvard descubri\u00f3 que los ni\u00f1os pueden ser m\u00e1s propensos a desarrollar autismo y otros trastornos del desarrollo neurol\u00f3gico cuando se exponen al Tylenol durante el embarazo.<\/p>\n<p dir=\"ltr\" class=\"bbc-hhl7in e17g058b0\">Los investigadores argumentaron que se deben tomar algunas medidas para limitar el uso del medicamento, pero afirmaron que sigue siendo importante para tratar la fiebre y el dolor maternos, que tambi\u00e9n pueden tener efectos negativos para los ni\u00f1os.<\/p>\n<p dir=\"ltr\" class=\"bbc-hhl7in e17g058b0\">Sin embargo, otro estudio, publicado en 2024, no encontr\u00f3 ninguna relaci\u00f3n entre la exposici\u00f3n al Tylenol y el autismo.<\/p>\n<p dir=\"ltr\" class=\"bbc-hhl7in e17g058b0\">Tal investigaci\u00f3n se llev\u00f3 a cabo analizando una muestra de poblaci\u00f3n de 2,4 millones de ni\u00f1os nacidos en Suecia entre 1995 y 2019. Alrededor del 7,5 % de ellos estuvieron expuestos al paracetamol durante el embarazo.<\/p>\n<p><img decoding=\"async\" src=\"https:\/\/www.europesays.com\/es\/wp-content\/uploads\/2025\/09\/bbedfe30-981f-11f0-af62-91486a511a31.jpg.webp.webp\"   alt=\"Cajas de Tylenol en el estante de una farmacia en EE.UU.\" loading=\"lazy\" width=\"1024\" height=\"714\" style=\"aspect-ratio:1024 \/ 714\" class=\"bbc-139onq\"\/><\/p>\n<p class=\"bbc-by8ykd\" role=\"text\">Fuente de la imagen, Getty Images<\/p>\n<p>Pie de foto, Kenvue, el fabricante de Tylenol, cay\u00f3 en las acciones burs\u00e1tiles luego del anuncio de la Casa Blanca.<\/p>\n<p dir=\"ltr\" class=\"bbc-hhl7in e17g058b0\">Al comparar las tasas de autismo entre los expuestos y los no expuestos, as\u00ed como entre hermanos que compart\u00edan la misma gen\u00e9tica, el estudio concluy\u00f3 que no hab\u00eda un mayor riesgo de autismo, Trastorno por D\u00e9ficit de Atenci\u00f3n e Hiperactividad (TDAH) o discapacidad intelectual que pudiera vincularse de manera definitiva con el paracetamol.<\/p>\n<p dir=\"ltr\" class=\"bbc-hhl7in e17g058b0\">\u00abNo hay pruebas s\u00f3lidas ni estudios convincentes que sugieran que exista una relaci\u00f3n causal\u00bb, afirm\u00f3 Monique Botha, profesora de Psicolog\u00eda Social y del Desarrollo en la Universidad de Durham.<\/p>\n<p dir=\"ltr\" class=\"bbc-hhl7in e17g058b0\">La doctora Botha a\u00f1adi\u00f3 que el alivio del dolor para las mujeres embarazadas era \u00ablamentablemente insuficiente\u00bb, y que el Tylenol era una de las \u00fanicas opciones seguras para la poblaci\u00f3n.<\/p>\n<p dir=\"ltr\" class=\"bbc-hhl7in e17g058b0\">Los diagn\u00f3sticos de autismo han aumentado considerablemente desde el a\u00f1o 2000 y, seg\u00fan los Centros para el Control y la Prevenci\u00f3n de Enfermedades de EE.UU., en 2020 la tasa entre los ni\u00f1os de 8 a\u00f1os alcanz\u00f3 el 2,77%.<\/p>\n<p dir=\"ltr\" class=\"bbc-hhl7in e17g058b0\">Los cient\u00edficos atribuyen al menos parte de este aumento a una mayor concienciaci\u00f3n sobre el autismo y a una definici\u00f3n m\u00e1s amplia del trastorno. Los investigadores tambi\u00e9n han estado estudiando los factores ambientales.<\/p>\n<p dir=\"ltr\" class=\"bbc-hhl7in e17g058b0\">En el pasado, Kennedy ha planteado teor\u00edas desacreditadas sobre el aumento de las tasas de autismo, culpando a las vacunas a pesar de la falta de pruebas.<\/p>\n<p><img decoding=\"async\" src=\"https:\/\/www.europesays.com\/es\/wp-content\/uploads\/2025\/07\/c8beb280-fb45-11ee-8369-47dc4454b972.png.webp.webp\"   alt=\"L\u00ednea gris\" loading=\"lazy\" width=\"800\" height=\"100\" style=\"aspect-ratio:800 \/ 100\" class=\"bbc-139onq\"\/><\/p>\n<p dir=\"ltr\" class=\"bbc-hhl7in e17g058b0\"><a href=\"https:\/\/www.bbc.com\/mundo\/send\/u184973209\" class=\"focusIndicatorReducedWidth bbc-n8oauk e1p3sufg0\" rel=\"nofollow noopener\" target=\"_blank\">Suscr\u00edbete aqu\u00ed<\/a> a nuestro nuevo newsletter para recibir cada viernes una selecci\u00f3n de nuestro mejor contenido de la semana.<\/p>\n<p dir=\"ltr\" class=\"bbc-hhl7in e17g058b0\">Y recuerda que puedes recibir notificaciones en nuestra app. Descarga la \u00faltima versi\u00f3n y act\u00edvalas.<\/p>\n","protected":false},"excerpt":{"rendered":"Fuente de la imagen, Getty Images Pie de foto, En EE.UU. el producto m\u00e1s popular con paracetamol o&hellip;\n","protected":false},"author":2,"featured_media":133714,"comment_status":"","ping_status":"","sticky":false,"template":"","format":"standard","meta":{"footnotes":""},"categories":[42],"tags":[17,18,13,14,11,61,62,63,64,19,20,9,10,15,16,12,21,22,65,66,67],"class_list":{"0":"post-133713","1":"post","2":"type-post","3":"status-publish","4":"format-standard","5":"has-post-thumbnail","7":"category-internacional","8":"tag-breaking-news","9":"tag-breakingnews","10":"tag-featured-news","11":"tag-featurednews","12":"tag-headlines","13":"tag-internacional","14":"tag-international","15":"tag-international-news","16":"tag-internationalnews","17":"tag-latest-news","18":"tag-latestnews","19":"tag-news","20":"tag-noticias","21":"tag-noticias-destacadas","22":"tag-noticiasdestacadas","23":"tag-titulares","24":"tag-ultimas-noticias","25":"tag-ultimasnoticias","26":"tag-world","27":"tag-world-news","28":"tag-worldnews"},"share_on_mastodon":{"url":"","error":""},"_links":{"self":[{"href":"https:\/\/www.europesays.com\/es\/wp-json\/wp\/v2\/posts\/133713","targetHints":{"allow":["GET"]}}],"collection":[{"href":"https:\/\/www.europesays.com\/es\/wp-json\/wp\/v2\/posts"}],"about":[{"href":"https:\/\/www.europesays.com\/es\/wp-json\/wp\/v2\/types\/post"}],"author":[{"embeddable":true,"href":"https:\/\/www.europesays.com\/es\/wp-json\/wp\/v2\/users\/2"}],"replies":[{"embeddable":true,"href":"https:\/\/www.europesays.com\/es\/wp-json\/wp\/v2\/comments?post=133713"}],"version-history":[{"count":0,"href":"https:\/\/www.europesays.com\/es\/wp-json\/wp\/v2\/posts\/133713\/revisions"}],"wp:featuredmedia":[{"embeddable":true,"href":"https:\/\/www.europesays.com\/es\/wp-json\/wp\/v2\/media\/133714"}],"wp:attachment":[{"href":"https:\/\/www.europesays.com\/es\/wp-json\/wp\/v2\/media?parent=133713"}],"wp:term":[{"taxonomy":"category","embeddable":true,"href":"https:\/\/www.europesays.com\/es\/wp-json\/wp\/v2\/categories?post=133713"},{"taxonomy":"post_tag","embeddable":true,"href":"https:\/\/www.europesays.com\/es\/wp-json\/wp\/v2\/tags?post=133713"}],"curies":[{"name":"wp","href":"https:\/\/api.w.org\/{rel}","templated":true}]}}