{"id":133717,"date":"2025-09-23T11:22:31","date_gmt":"2025-09-23T11:22:31","guid":{"rendered":"https:\/\/www.europesays.com\/es\/133717\/"},"modified":"2025-09-23T11:22:31","modified_gmt":"2025-09-23T11:22:31","slug":"la-presencia-de-drones-cerro-el-trafico-durante-horas-en-aeropuertos-de-copenhague-y-oslo-internacional","status":"publish","type":"post","link":"https:\/\/www.europesays.com\/es\/133717\/","title":{"rendered":"La presencia de drones cerr\u00f3 el tr\u00e1fico durante horas en aeropuertos de Copenhague y Oslo | Internacional"},"content":{"rendered":"<p>Los aeropuertos de Copenhague y de Oslo permanecieron cerrados al tr\u00e1fico durante varias horas la noche del lunes y durante esta madrugada debido a la presencia de varios drones en su cercan\u00eda.<\/p>\n<p>El aeropuerto de Kastrup, en la capital danesa, suspendi\u00f3 sus operaciones entre las 20:30 de este lunes y las 0.30 hora local de este martes (18.30 y 22.30 GMT), lo que ha provocado de momento unas 100 cancelaciones de vuelos, mientras otros 31 fueron desviados a aer\u00f3dromos cercanos. El de Gardermoen (Oslo) permaneci\u00f3 cerrado entre las 0.30 y las 3.30 de este martes hora local (22.30 y 1.30 GMT).<\/p>\n<p>\u00abEl modo de operar, su tama\u00f1o y el tiempo sobre el objetivo han hecho que concluyamos que probablemente haya un actor capacitado detr\u00e1s del uso de los drones\u00bb, dijo hoy en rueda de prensa el inspector Jens Jespersen, de la polic\u00eda de Copenhague.<\/p>\n<blockquote class=\"twitter-tweet\">\n<p lang=\"da\" dir=\"ltr\">K\u00f8benhavns Lufthavn \u00e5bner igen efter at have v\u00e6ret lukket pga. droneaktivitet. Der vil dog v\u00e6re forsinkelser og aflyste afgange. Passagerer bedes holde sig orienteret hos deres flyselskab.<\/p>\n<p>\u2014 Copenhagen Airport (@CPHAirports) <a href=\"https:\/\/twitter.com\/CPHAirports\/status\/1970254853113847970?ref_src=twsrc%5Etfw\" rel=\"nofollow noopener\" target=\"_blank\">September 22, 2025<\/a><\/p><\/blockquote>\n<p>Jespersen aclar\u00f3 que la expresi\u00f3n \u00abactor capacitado\u00bb alude a \u00abun actor que tiene las herramientas para mostrarse\u00bb y que quienes manejaron los drones podr\u00edan haberse ejercitado previamente.<\/p>\n<p>\u00abNo puedo decir nada al respecto, simplemente no lo s\u00e9\u00bb, afirm\u00f3 Jespersen al ser preguntado por una posible participaci\u00f3n rusa. <\/p>\n<p>Los servicios de inteligencia daneses y noruegos colaboran en la investigaci\u00f3n, pero nada indica de momento que haya una conexi\u00f3n entre ambos incidentes.<\/p>\n<blockquote class=\"twitter-tweet\">\n<p lang=\"da\" dir=\"ltr\">CPH Lufthavn er pt lukket for start og landing, idet 2-3 st\u00f8rre droner er set flyve i omr\u00e5det. Tidshorisonten er pt. ukendt.<a href=\"https:\/\/twitter.com\/hashtag\/politidk?src=hash&amp;ref_src=twsrc%5Etfw\" rel=\"nofollow noopener\" target=\"_blank\">#politidk<\/a><\/p>\n<p>\u2014 K\u00f8benhavns Politi (@KobenhavnPoliti) <a href=\"https:\/\/twitter.com\/KobenhavnPoliti\/status\/1970213176860987866?ref_src=twsrc%5Etfw\" rel=\"nofollow noopener\" target=\"_blank\">September 22, 2025<\/a><\/p><\/blockquote>\n<p>La polic\u00eda danesa inform\u00f3 de que se trata de varios drones de gran tama\u00f1o procedentes de varias direcciones, que volaron siguiendo un patr\u00f3n sobre el aeropuerto y que no parece que su objetivo fuese provocar da\u00f1os o situaciones de peligro.<\/p>\n<p>En el caso de Gardermoen, la suspensi\u00f3n del tr\u00e1fico a\u00e9reo oblig\u00f3 a cancelar una docena de vuelos.<\/p>\n<p>Dos ciudadanos extranjeros hab\u00edan sido detenidos horas antes por hacer volar drones en el centro de Oslo, aunque todav\u00eda no se ha determinado si hay alguna relaci\u00f3n con el episodio en Gardermoen. <\/p>\n<blockquote class=\"twitter-tweet\">\n<p lang=\"da\" dir=\"ltr\">Der er fortsat uidentificerede droner omkring K\u00f8benhavns Lufthavn. Derfor kan ingen fly lette og lande. Ankommende fly er omdirigeret til andre lufthavne og afg\u00e5ende fly er forsinket eller aflyst. Passagerer bedes orientere sig p\u00e5 <a href=\"https:\/\/t.co\/6qVPAWJTAj\" rel=\"nofollow\">https:\/\/t.co\/6qVPAWJTAj<\/a> eller hos flyselskaberne. <a href=\"https:\/\/t.co\/cXMZo2xY6E\" rel=\"nofollow\">https:\/\/t.co\/cXMZo2xY6E<\/a><\/p>\n<p>\u2014 Copenhagen Airport (@CPHAirports) <a href=\"https:\/\/twitter.com\/CPHAirports\/status\/1970235925994074441?ref_src=twsrc%5Etfw\" rel=\"nofollow noopener\" target=\"_blank\">September 22, 2025<\/a><\/p><\/blockquote>\n<p><script async src=\"https:\/\/platform.twitter.com\/widgets.js\" charset=\"utf-8\"><\/script><\/p>\n","protected":false},"excerpt":{"rendered":"Los aeropuertos de Copenhague y de Oslo permanecieron cerrados al tr\u00e1fico durante varias horas la noche del lunes&hellip;\n","protected":false},"author":2,"featured_media":133718,"comment_status":"","ping_status":"","sticky":false,"template":"","format":"standard","meta":{"footnotes":""},"categories":[5],"tags":[24838,17,18,42573,42574,25,24,13,14,11,19,20,9,10,15,16,23,12,9119,21,22],"class_list":{"0":"post-133717","1":"post","2":"type-post","3":"status-publish","4":"format-standard","5":"has-post-thumbnail","7":"category-titulares","8":"tag-aircraft","9":"tag-breaking-news","10":"tag-breakingnews","11":"tag-delay","12":"tag-drone","13":"tag-es","14":"tag-espana","15":"tag-featured-news","16":"tag-featurednews","17":"tag-headlines","18":"tag-latest-news","19":"tag-latestnews","20":"tag-news","21":"tag-noticias","22":"tag-noticias-destacadas","23":"tag-noticiasdestacadas","24":"tag-spain","25":"tag-titulares","26":"tag-uav","27":"tag-ultimas-noticias","28":"tag-ultimasnoticias"},"share_on_mastodon":{"url":"","error":""},"_links":{"self":[{"href":"https:\/\/www.europesays.com\/es\/wp-json\/wp\/v2\/posts\/133717","targetHints":{"allow":["GET"]}}],"collection":[{"href":"https:\/\/www.europesays.com\/es\/wp-json\/wp\/v2\/posts"}],"about":[{"href":"https:\/\/www.europesays.com\/es\/wp-json\/wp\/v2\/types\/post"}],"author":[{"embeddable":true,"href":"https:\/\/www.europesays.com\/es\/wp-json\/wp\/v2\/users\/2"}],"replies":[{"embeddable":true,"href":"https:\/\/www.europesays.com\/es\/wp-json\/wp\/v2\/comments?post=133717"}],"version-history":[{"count":0,"href":"https:\/\/www.europesays.com\/es\/wp-json\/wp\/v2\/posts\/133717\/revisions"}],"wp:featuredmedia":[{"embeddable":true,"href":"https:\/\/www.europesays.com\/es\/wp-json\/wp\/v2\/media\/133718"}],"wp:attachment":[{"href":"https:\/\/www.europesays.com\/es\/wp-json\/wp\/v2\/media?parent=133717"}],"wp:term":[{"taxonomy":"category","embeddable":true,"href":"https:\/\/www.europesays.com\/es\/wp-json\/wp\/v2\/categories?post=133717"},{"taxonomy":"post_tag","embeddable":true,"href":"https:\/\/www.europesays.com\/es\/wp-json\/wp\/v2\/tags?post=133717"}],"curies":[{"name":"wp","href":"https:\/\/api.w.org\/{rel}","templated":true}]}}