{"id":133719,"date":"2025-09-23T11:26:07","date_gmt":"2025-09-23T11:26:07","guid":{"rendered":"https:\/\/www.europesays.com\/es\/133719\/"},"modified":"2025-09-23T11:26:07","modified_gmt":"2025-09-23T11:26:07","slug":"jon-rahm-y-la-ryder-cup-tal-para-cual","status":"publish","type":"post","link":"https:\/\/www.europesays.com\/es\/133719\/","title":{"rendered":"Jon Rahm y la Ryder Cup, tal para cual"},"content":{"rendered":"<p>\n        <a href=\"https:\/\/www.deia.eus\/tags\/jon-rahm\/\" title=\"Jon Rahm\" class=\"link copy\" rel=\"nofollow noopener\" target=\"_blank\">Jon Rahm<\/a> afronta esta semana uno de los mayores retos de su carrera profesional. Por suerte no lo har\u00e1 solo, sino como<strong> miembro del equipo de la <\/strong><a href=\"https:\/\/www.deia.eus\/tags\/ryder-cup\/\" title=\"Ryder Cup\" class=\"link copy\" rel=\"nofollow noopener\" target=\"_blank\"><strong>Ryder Cup<\/strong><\/a><strong> que va a desafiar a Estados Unidos en pos de retener el trofeo y ganar en suelo ajeno por primera vez desde el Milagro de Medinah de 2012<\/strong>. Viene calentita la cosa y m\u00e1s que lo va a estar a partir del viernes en Bethpage Black,, un campo p\u00fablico cercano a Nueva York donde se espera a miles de aficionados ruidosos, excesivos y quiz\u00e1s algo m\u00e1s.\n<\/p>\n<p class=\"article-body__text \">\n        <strong>Ser\u00e1 la cuarta participaci\u00f3n del golfists de Barrika en uno de los eventos deportivos m\u00e1s atractivos y con m\u00e1s tir\u00f3n medi\u00e1tico<\/strong>. Y ser\u00e1 la primera a la que Rahm no llega por m\u00e9ritos propios, sino por elecci\u00f3n del capit\u00e1n<strong>. Una vez sorteadas, al menos por ahora, las trabas que provoc\u00f3 su paso al LIV Golf, Luke Donald siempre tuvo claro que una de las plazas ten\u00eda que para el barrikoztarra por su esp\u00edritu luchador, su extrema competitividad y su repertorio de juego, capaz de adaptarse a cualquier compa\u00f1ero y cualquier campo<\/strong>. Todo eso se necesita para lucir en la Ryder Cup, a\u00fan m\u00e1s en una cita como la de este a\u00f1o en la que el ambiente ser\u00e1 hostil.\n<\/p>\n<p class=\"article-body__text \">\n        <strong>Jon Rahm se estren\u00f3 en la Ryder en 2018 en la edici\u00f3n que se disput\u00f3 en Le Golf National de Par\u00eds. <\/strong>Entonces, estaba solo en su segundo a\u00f1o completo como profesional y era un joven de 23 a\u00f1os que llegaba al torneo con el que su familia se hab\u00eda aficionado al golf y hab\u00eda puesto la semilla de su futuro en este deporte. Esa m\u00edstica, el verse rodeado de jugadores que para \u00e9l eran \u00eddolos pudo pesarle los dos primeros d\u00edas. Adem\u00e1s, el capit\u00e1n Thomas Bjorn decidi\u00f3 que fuera el encargado de abrir la competici\u00f3n junto a Justin Rose. Cayeron por un hoyo ante Brooks Koepka y Tony Finau en la modalidad de fourballs, una bola cada jugador. Al d\u00eda siguiente, en el mismo formato, Rahm fue emparejado con Ian Poulter, otro veterano que se crec\u00eda en el Ryder, pero tambi\u00e9n perdieron ante Jordan Spieth y Justin Thomas por 2 y 1.\n<\/p>\n<p class=\"article-body__text \">\n        <strong>Europa lleg\u00f3 al domingo con ventaja de 10 a 6, pero el debutante andaba cabizbajo por no haber podido aportar ni un punto. Una conversaci\u00f3n con Txema Olazabal  cambi\u00f3 su mentalidad y le hizo ver que aquello era una tarea de equipo y que su momento iba a llega<\/strong>r. Y lo hizo al d\u00eda siguiente con grandeza. En el cuarto partido individual, Jon Rahm se ten\u00eda que <strong>enfrentar a Tiger Woods. Lejos de verse imtimidado, se creci\u00f3 y derrot\u00f3 a la leyenda californiana en un duelo inolvidable que aport\u00f3 mucho a Europa porque los tres partidos anteriores hab\u00edan ca\u00eddo del lado estadoundiense y este punto de Rahm fren\u00f3 la remontada y sum\u00f3 a la victoria europea por 17,5 a 10,5.<\/strong>\n<\/p>\n<p>  <strong>Brillo sin recompensa<\/strong><\/p>\n<p class=\"article-body__text \">\n        <strong> Ese d\u00eda, el golfista vizcaino sell\u00f3 su carn\u00e9 de jugador de Ryder Cup, que confirm\u00f3 en 2021 en Whistling Straits. <\/strong>La pandemia pospuso un a\u00f1o esa edici\u00f3n y Jon Rahm lleg\u00f3 como ganador del US Open y l\u00edder del equipo europeo<strong>. El capit\u00e1n Paddy Harrington tom\u00f3 nota y le aline\u00f3 en todos los partidos en una edici\u00f3n que acab\u00f3 con la mayor paliza en contra de Europa: 19 a 9. Rahm sum\u00f3 tres puntos y medio, pero su gran labor no fue suficiente ante las pobres prestaciones de varios de sus compa\u00f1eros. <\/strong>Hizo pleno con Sergio Garc\u00eda en dos fourballs y foursomes, golpes alternos, y empat\u00f3 con Tyrrell Hatton en el otro foursomes. En la jornada de individuales, que empez\u00f3 con un imposible 11 a 5 para los locales, cedi\u00f3 por 4 y 3 ante Scottie Scheffler, que ya empezaba a ser una piedra en su zapato.\n<\/p>\n<p class=\"article-body__text \">\n        <strong>Europa, ahora con Luke Donald al  mando, clam\u00f3 venganza para la edici\u00f3n de 2023 en el Marco Simone de Roma, donde todo sali\u00f3 a la perfecci\u00f3n y Rahm tuvo un papel fundamental en el triunfo por 16,5 a 11,5.<\/strong> El de Barrika hizo pleno en los dos foursomes que disput\u00f3 junto a Hatton, otro que tal baila, y sum\u00f3 un empate junto a Nicolai Hojgaard, uno de los debutantes, en el fourballs del viernes. En los individuales del domingo, con Estados Unidos tambi\u00e9n \u00e1vido de remontar otro 10-6, Rahm logr\u00f3 empatar con Scheffler, que ya era n\u00famero 1 del mundo, en un duelo de gran nivel.\n<\/p>\n<p class=\"article-body__text \">\n        <strong>El balance de Jon Rahm, por tanto, le hace indiscutible entre los doce del bando continental. En las tres ediciones de la Ryder que ha disputado, Europa ha sumado 33 puntos, de los cuales 7,5 llevan la firma del barrikoztarra en pareja o en solitario<\/strong>. Acumula un cuatro de cuatro en la modalidad de foursomes; en fourballs, tiene un triunfo, dos derrotas y dos empates, y en individuales, reparte a partes iguales victorias, derrotas y empates.<\/p>\n","protected":false},"excerpt":{"rendered":"Jon Rahm afronta esta semana uno de los mayores retos de su carrera profesional. Por suerte no lo&hellip;\n","protected":false},"author":2,"featured_media":133720,"comment_status":"","ping_status":"","sticky":false,"template":"","format":"standard","meta":{"footnotes":""},"categories":[275],"tags":[5393,168,25,24,329,2650,330,2229,23,167],"class_list":{"0":"post-133719","1":"post","2":"type-post","3":"status-publish","4":"format-standard","5":"has-post-thumbnail","7":"category-golf","8":"tag-cup","9":"tag-deportes","10":"tag-es","11":"tag-espana","12":"tag-golf","13":"tag-jon","14":"tag-rahm","15":"tag-ryder","16":"tag-spain","17":"tag-sports"},"share_on_mastodon":{"url":"","error":""},"_links":{"self":[{"href":"https:\/\/www.europesays.com\/es\/wp-json\/wp\/v2\/posts\/133719","targetHints":{"allow":["GET"]}}],"collection":[{"href":"https:\/\/www.europesays.com\/es\/wp-json\/wp\/v2\/posts"}],"about":[{"href":"https:\/\/www.europesays.com\/es\/wp-json\/wp\/v2\/types\/post"}],"author":[{"embeddable":true,"href":"https:\/\/www.europesays.com\/es\/wp-json\/wp\/v2\/users\/2"}],"replies":[{"embeddable":true,"href":"https:\/\/www.europesays.com\/es\/wp-json\/wp\/v2\/comments?post=133719"}],"version-history":[{"count":0,"href":"https:\/\/www.europesays.com\/es\/wp-json\/wp\/v2\/posts\/133719\/revisions"}],"wp:featuredmedia":[{"embeddable":true,"href":"https:\/\/www.europesays.com\/es\/wp-json\/wp\/v2\/media\/133720"}],"wp:attachment":[{"href":"https:\/\/www.europesays.com\/es\/wp-json\/wp\/v2\/media?parent=133719"}],"wp:term":[{"taxonomy":"category","embeddable":true,"href":"https:\/\/www.europesays.com\/es\/wp-json\/wp\/v2\/categories?post=133719"},{"taxonomy":"post_tag","embeddable":true,"href":"https:\/\/www.europesays.com\/es\/wp-json\/wp\/v2\/tags?post=133719"}],"curies":[{"name":"wp","href":"https:\/\/api.w.org\/{rel}","templated":true}]}}